{"id":7828,"date":"2025-10-05T15:30:45","date_gmt":"2025-10-05T13:30:45","guid":{"rendered":"https:\/\/www.edilfibro.it\/sommet-de-lelevage-2025\/"},"modified":"2026-01-16T15:32:57","modified_gmt":"2026-01-16T14:32:57","slug":"sommet-de-lelevage-2025","status":"publish","type":"post","link":"https:\/\/www.edilfibro.it\/fr\/sommet-de-lelevage-2025\/","title":{"rendered":"SOMMET DE L\u2019\u00c9LEVAGE 2025"},"content":{"rendered":"<p data-start=\"1273\" data-end=\"1313\">Rendez-vous au SOMMET DE L\u2019\u00c9LEVAGE !<\/p>\n<p data-start=\"1315\" data-end=\"1486\">Du 7 au 10 octobre, nous serons pr\u00e9sents au Sommet de l\u2019\u00c9levage, le rendez-vous europ\u00e9en de r\u00e9f\u00e9rence d\u00e9di\u00e9 \u00e0 l\u2019\u00e9levage durable et \u00e0 l\u2019innovation agricole.<\/p>\n<p data-start=\"1488\" data-end=\"1662\">Un \u00e9v\u00e9nement incontournable pour les professionnels du secteur, plac\u00e9 sous le signe de l\u2019innovation, des \u00e9changes et de la valorisation des meilleures pratiques de l\u2019\u00e9levage.<\/p>\n<p data-start=\"1664\" data-end=\"1783\">Venez nous rencontrer sur notre stand : ce sera l\u2019occasion id\u00e9ale d\u2019\u00e9changer en personne et de d\u00e9couvrir nos solutions.<\/p>\n<p data-start=\"1785\" data-end=\"1806\">Nous vous attendons !<\/p>\n","protected":false},"excerpt":{"rendered":"<p>Rendez-vous au SOMMET DE L\u2019\u00c9LEVAGE ! Du 7 au 10 octobre, nous serons pr\u00e9sents au Sommet de l\u2019\u00c9levage, le rendez-vous europ\u00e9en de r\u00e9f\u00e9rence d\u00e9di\u00e9 \u00e0 l\u2019\u00e9levage durable et \u00e0 l\u2019innovation agricole. Un \u00e9v\u00e9nement incontournable pour les professionnels du secteur, plac\u00e9 sous le signe de l\u2019innovation, des \u00e9changes et de la valorisation des meilleures pratiques de&#8230;<\/p>\n","protected":false},"author":5,"featured_media":7824,"comment_status":"closed","ping_status":"closed","sticky":false,"template":"","format":"standard","meta":{"footnotes":""},"categories":[407],"tags":[],"class_list":["post-7828","post","type-post","status-publish","format-standard","has-post-thumbnail","hentry","category-evenements"],"yoast_head":"<!-- This site is optimized with the Yoast SEO plugin v26.6 - https:\/\/yoast.com\/wordpress\/plugins\/seo\/ -->\n<title>SOMMET DE L\u2019\u00c9LEVAGE 2025 - Edilfibro S.p.a.<\/title>\n<meta name=\"robots\" content=\"index, follow, max-snippet:-1, max-image-preview:large, max-video-preview:-1\" \/>\n<link rel=\"canonical\" href=\"https:\/\/www.edilfibro.it\/fr\/sommet-de-lelevage-2025\/\" \/>\n<meta property=\"og:locale\" content=\"fr_FR\" \/>\n<meta property=\"og:type\" content=\"article\" \/>\n<meta property=\"og:title\" content=\"SOMMET DE L\u2019\u00c9LEVAGE 2025 - Edilfibro S.p.a.\" \/>\n<meta property=\"og:description\" content=\"Rendez-vous au SOMMET DE L\u2019\u00c9LEVAGE ! Du 7 au 10 octobre, nous serons pr\u00e9sents au Sommet de l\u2019\u00c9levage, le rendez-vous europ\u00e9en de r\u00e9f\u00e9rence d\u00e9di\u00e9 \u00e0 l\u2019\u00e9levage durable et \u00e0 l\u2019innovation agricole. Un \u00e9v\u00e9nement incontournable pour les professionnels du secteur, plac\u00e9 sous le signe de l\u2019innovation, des \u00e9changes et de la valorisation des meilleures pratiques de...\" \/>\n<meta property=\"og:url\" content=\"https:\/\/www.edilfibro.it\/fr\/sommet-de-lelevage-2025\/\" \/>\n<meta property=\"og:site_name\" content=\"Edilfibro S.p.a.\" \/>\n<meta property=\"article:publisher\" content=\"https:\/\/www.facebook.com\/edilfibro\" \/>\n<meta property=\"article:published_time\" content=\"2025-10-05T13:30:45+00:00\" \/>\n<meta property=\"article:modified_time\" content=\"2026-01-16T14:32:57+00:00\" \/>\n<meta property=\"og:image\" content=\"https:\/\/www.edilfibro.it\/wp-content\/uploads\/2026\/01\/sommet_de_l_elevage_2025.jpg\" \/>\n\t<meta property=\"og:image:width\" content=\"1200\" \/>\n\t<meta property=\"og:image:height\" content=\"1072\" \/>\n\t<meta property=\"og:image:type\" content=\"image\/jpeg\" \/>\n<meta name=\"author\" content=\"Fabiola\" \/>\n<meta name=\"twitter:card\" content=\"summary_large_image\" \/>\n<meta name=\"twitter:label1\" content=\"\u00c9crit par\" \/>\n\t<meta name=\"twitter:data1\" content=\"Fabiola\" \/>\n\t<meta name=\"twitter:label2\" content=\"Dur\u00e9e de lecture estim\u00e9e\" \/>\n\t<meta name=\"twitter:data2\" content=\"1 minute\" \/>\n<script type=\"application\/ld+json\" class=\"yoast-schema-graph\">{\"@context\":\"https:\/\/schema.org\",\"@graph\":[{\"@type\":\"Article\",\"@id\":\"https:\/\/www.edilfibro.it\/fr\/sommet-de-lelevage-2025\/#article\",\"isPartOf\":{\"@id\":\"https:\/\/www.edilfibro.it\/fr\/sommet-de-lelevage-2025\/\"},\"author\":{\"name\":\"Fabiola\",\"@id\":\"https:\/\/www.edilfibro.it\/fr\/#\/schema\/person\/c82cc4a36583d53b46719a8930692f17\"},\"headline\":\"SOMMET DE L\u2019\u00c9LEVAGE 2025\",\"datePublished\":\"2025-10-05T13:30:45+00:00\",\"dateModified\":\"2026-01-16T14:32:57+00:00\",\"mainEntityOfPage\":{\"@id\":\"https:\/\/www.edilfibro.it\/fr\/sommet-de-lelevage-2025\/\"},\"wordCount\":92,\"publisher\":{\"@id\":\"https:\/\/www.edilfibro.it\/fr\/#organization\"},\"image\":{\"@id\":\"https:\/\/www.edilfibro.it\/fr\/sommet-de-lelevage-2025\/#primaryimage\"},\"thumbnailUrl\":\"https:\/\/www.edilfibro.it\/wp-content\/uploads\/2026\/01\/sommet_de_l_elevage_2025.jpg\",\"articleSection\":[\"\u00c9v\u00e9nements\"],\"inLanguage\":\"fr-FR\"},{\"@type\":\"WebPage\",\"@id\":\"https:\/\/www.edilfibro.it\/fr\/sommet-de-lelevage-2025\/\",\"url\":\"https:\/\/www.edilfibro.it\/fr\/sommet-de-lelevage-2025\/\",\"name\":\"SOMMET DE L\u2019\u00c9LEVAGE 2025 - Edilfibro S.p.a.\",\"isPartOf\":{\"@id\":\"https:\/\/www.edilfibro.it\/fr\/#website\"},\"primaryImageOfPage\":{\"@id\":\"https:\/\/www.edilfibro.it\/fr\/sommet-de-lelevage-2025\/#primaryimage\"},\"image\":{\"@id\":\"https:\/\/www.edilfibro.it\/fr\/sommet-de-lelevage-2025\/#primaryimage\"},\"thumbnailUrl\":\"https:\/\/www.edilfibro.it\/wp-content\/uploads\/2026\/01\/sommet_de_l_elevage_2025.jpg\",\"datePublished\":\"2025-10-05T13:30:45+00:00\",\"dateModified\":\"2026-01-16T14:32:57+00:00\",\"breadcrumb\":{\"@id\":\"https:\/\/www.edilfibro.it\/fr\/sommet-de-lelevage-2025\/#breadcrumb\"},\"inLanguage\":\"fr-FR\",\"potentialAction\":[{\"@type\":\"ReadAction\",\"target\":[\"https:\/\/www.edilfibro.it\/fr\/sommet-de-lelevage-2025\/\"]}]},{\"@type\":\"ImageObject\",\"inLanguage\":\"fr-FR\",\"@id\":\"https:\/\/www.edilfibro.it\/fr\/sommet-de-lelevage-2025\/#primaryimage\",\"url\":\"https:\/\/www.edilfibro.it\/wp-content\/uploads\/2026\/01\/sommet_de_l_elevage_2025.jpg\",\"contentUrl\":\"https:\/\/www.edilfibro.it\/wp-content\/uploads\/2026\/01\/sommet_de_l_elevage_2025.jpg\",\"width\":1200,\"height\":1072},{\"@type\":\"BreadcrumbList\",\"@id\":\"https:\/\/www.edilfibro.it\/fr\/sommet-de-lelevage-2025\/#breadcrumb\",\"itemListElement\":[{\"@type\":\"ListItem\",\"position\":1,\"name\":\"Home\",\"item\":\"https:\/\/www.edilfibro.it\/fr\/\"},{\"@type\":\"ListItem\",\"position\":2,\"name\":\"SOMMET DE L\u2019\u00c9LEVAGE 2025\"}]},{\"@type\":\"WebSite\",\"@id\":\"https:\/\/www.edilfibro.it\/fr\/#website\",\"url\":\"https:\/\/www.edilfibro.it\/fr\/\",\"name\":\"Edilfibro S.p.a.\",\"description\":\"Coperture per tetti, lastre fibrocemento e metallo\",\"publisher\":{\"@id\":\"https:\/\/www.edilfibro.it\/fr\/#organization\"},\"potentialAction\":[{\"@type\":\"SearchAction\",\"target\":{\"@type\":\"EntryPoint\",\"urlTemplate\":\"https:\/\/www.edilfibro.it\/fr\/?s={search_term_string}\"},\"query-input\":{\"@type\":\"PropertyValueSpecification\",\"valueRequired\":true,\"valueName\":\"search_term_string\"}}],\"inLanguage\":\"fr-FR\"},{\"@type\":\"Organization\",\"@id\":\"https:\/\/www.edilfibro.it\/fr\/#organization\",\"name\":\"Edilfibro S.p.a.\",\"url\":\"https:\/\/www.edilfibro.it\/fr\/\",\"logo\":{\"@type\":\"ImageObject\",\"inLanguage\":\"fr-FR\",\"@id\":\"https:\/\/www.edilfibro.it\/fr\/#\/schema\/logo\/image\/\",\"url\":\"https:\/\/www.edilfibro.it\/wp-content\/uploads\/2024\/09\/Logo-Edilfibro-2024-verde.webp\",\"contentUrl\":\"https:\/\/www.edilfibro.it\/wp-content\/uploads\/2024\/09\/Logo-Edilfibro-2024-verde.webp\",\"width\":270,\"height\":105,\"caption\":\"Edilfibro S.p.a.\"},\"image\":{\"@id\":\"https:\/\/www.edilfibro.it\/fr\/#\/schema\/logo\/image\/\"},\"sameAs\":[\"https:\/\/www.facebook.com\/edilfibro\",\"https:\/\/www.linkedin.com\/company\/edilfibrospa\/\",\"https:\/\/www.youtube.com\/channel\/UCfz1PuhFpXa0MFkRDzC_Cgw\"]},{\"@type\":\"Person\",\"@id\":\"https:\/\/www.edilfibro.it\/fr\/#\/schema\/person\/c82cc4a36583d53b46719a8930692f17\",\"name\":\"Fabiola\",\"image\":{\"@type\":\"ImageObject\",\"inLanguage\":\"fr-FR\",\"@id\":\"https:\/\/www.edilfibro.it\/fr\/#\/schema\/person\/image\/\",\"url\":\"https:\/\/secure.gravatar.com\/avatar\/77453da865a85cbc8a7f1e65ba6cbad598233f8cf708201d73a9b9c0a5065e2b?s=96&d=mm&r=g\",\"contentUrl\":\"https:\/\/secure.gravatar.com\/avatar\/77453da865a85cbc8a7f1e65ba6cbad598233f8cf708201d73a9b9c0a5065e2b?s=96&d=mm&r=g\",\"caption\":\"Fabiola\"}}]}<\/script>\n<!-- \/ Yoast SEO plugin. -->","yoast_head_json":{"title":"SOMMET DE L\u2019\u00c9LEVAGE 2025 - Edilfibro S.p.a.","robots":{"index":"index","follow":"follow","max-snippet":"max-snippet:-1","max-image-preview":"max-image-preview:large","max-video-preview":"max-video-preview:-1"},"canonical":"https:\/\/www.edilfibro.it\/fr\/sommet-de-lelevage-2025\/","og_locale":"fr_FR","og_type":"article","og_title":"SOMMET DE L\u2019\u00c9LEVAGE 2025 - Edilfibro S.p.a.","og_description":"Rendez-vous au SOMMET DE L\u2019\u00c9LEVAGE ! Du 7 au 10 octobre, nous serons pr\u00e9sents au Sommet de l\u2019\u00c9levage, le rendez-vous europ\u00e9en de r\u00e9f\u00e9rence d\u00e9di\u00e9 \u00e0 l\u2019\u00e9levage durable et \u00e0 l\u2019innovation agricole. Un \u00e9v\u00e9nement incontournable pour les professionnels du secteur, plac\u00e9 sous le signe de l\u2019innovation, des \u00e9changes et de la valorisation des meilleures pratiques de...","og_url":"https:\/\/www.edilfibro.it\/fr\/sommet-de-lelevage-2025\/","og_site_name":"Edilfibro S.p.a.","article_publisher":"https:\/\/www.facebook.com\/edilfibro","article_published_time":"2025-10-05T13:30:45+00:00","article_modified_time":"2026-01-16T14:32:57+00:00","og_image":[{"width":1200,"height":1072,"url":"https:\/\/www.edilfibro.it\/wp-content\/uploads\/2026\/01\/sommet_de_l_elevage_2025.jpg","type":"image\/jpeg"}],"author":"Fabiola","twitter_card":"summary_large_image","twitter_misc":{"\u00c9crit par":"Fabiola","Dur\u00e9e de lecture estim\u00e9e":"1 minute"},"schema":{"@context":"https:\/\/schema.org","@graph":[{"@type":"Article","@id":"https:\/\/www.edilfibro.it\/fr\/sommet-de-lelevage-2025\/#article","isPartOf":{"@id":"https:\/\/www.edilfibro.it\/fr\/sommet-de-lelevage-2025\/"},"author":{"name":"Fabiola","@id":"https:\/\/www.edilfibro.it\/fr\/#\/schema\/person\/c82cc4a36583d53b46719a8930692f17"},"headline":"SOMMET DE L\u2019\u00c9LEVAGE 2025","datePublished":"2025-10-05T13:30:45+00:00","dateModified":"2026-01-16T14:32:57+00:00","mainEntityOfPage":{"@id":"https:\/\/www.edilfibro.it\/fr\/sommet-de-lelevage-2025\/"},"wordCount":92,"publisher":{"@id":"https:\/\/www.edilfibro.it\/fr\/#organization"},"image":{"@id":"https:\/\/www.edilfibro.it\/fr\/sommet-de-lelevage-2025\/#primaryimage"},"thumbnailUrl":"https:\/\/www.edilfibro.it\/wp-content\/uploads\/2026\/01\/sommet_de_l_elevage_2025.jpg","articleSection":["\u00c9v\u00e9nements"],"inLanguage":"fr-FR"},{"@type":"WebPage","@id":"https:\/\/www.edilfibro.it\/fr\/sommet-de-lelevage-2025\/","url":"https:\/\/www.edilfibro.it\/fr\/sommet-de-lelevage-2025\/","name":"SOMMET DE L\u2019\u00c9LEVAGE 2025 - Edilfibro S.p.a.","isPartOf":{"@id":"https:\/\/www.edilfibro.it\/fr\/#website"},"primaryImageOfPage":{"@id":"https:\/\/www.edilfibro.it\/fr\/sommet-de-lelevage-2025\/#primaryimage"},"image":{"@id":"https:\/\/www.edilfibro.it\/fr\/sommet-de-lelevage-2025\/#primaryimage"},"thumbnailUrl":"https:\/\/www.edilfibro.it\/wp-content\/uploads\/2026\/01\/sommet_de_l_elevage_2025.jpg","datePublished":"2025-10-05T13:30:45+00:00","dateModified":"2026-01-16T14:32:57+00:00","breadcrumb":{"@id":"https:\/\/www.edilfibro.it\/fr\/sommet-de-lelevage-2025\/#breadcrumb"},"inLanguage":"fr-FR","potentialAction":[{"@type":"ReadAction","target":["https:\/\/www.edilfibro.it\/fr\/sommet-de-lelevage-2025\/"]}]},{"@type":"ImageObject","inLanguage":"fr-FR","@id":"https:\/\/www.edilfibro.it\/fr\/sommet-de-lelevage-2025\/#primaryimage","url":"https:\/\/www.edilfibro.it\/wp-content\/uploads\/2026\/01\/sommet_de_l_elevage_2025.jpg","contentUrl":"https:\/\/www.edilfibro.it\/wp-content\/uploads\/2026\/01\/sommet_de_l_elevage_2025.jpg","width":1200,"height":1072},{"@type":"BreadcrumbList","@id":"https:\/\/www.edilfibro.it\/fr\/sommet-de-lelevage-2025\/#breadcrumb","itemListElement":[{"@type":"ListItem","position":1,"name":"Home","item":"https:\/\/www.edilfibro.it\/fr\/"},{"@type":"ListItem","position":2,"name":"SOMMET DE L\u2019\u00c9LEVAGE 2025"}]},{"@type":"WebSite","@id":"https:\/\/www.edilfibro.it\/fr\/#website","url":"https:\/\/www.edilfibro.it\/fr\/","name":"Edilfibro S.p.a.","description":"Coperture per tetti, lastre fibrocemento e metallo","publisher":{"@id":"https:\/\/www.edilfibro.it\/fr\/#organization"},"potentialAction":[{"@type":"SearchAction","target":{"@type":"EntryPoint","urlTemplate":"https:\/\/www.edilfibro.it\/fr\/?s={search_term_string}"},"query-input":{"@type":"PropertyValueSpecification","valueRequired":true,"valueName":"search_term_string"}}],"inLanguage":"fr-FR"},{"@type":"Organization","@id":"https:\/\/www.edilfibro.it\/fr\/#organization","name":"Edilfibro S.p.a.","url":"https:\/\/www.edilfibro.it\/fr\/","logo":{"@type":"ImageObject","inLanguage":"fr-FR","@id":"https:\/\/www.edilfibro.it\/fr\/#\/schema\/logo\/image\/","url":"https:\/\/www.edilfibro.it\/wp-content\/uploads\/2024\/09\/Logo-Edilfibro-2024-verde.webp","contentUrl":"https:\/\/www.edilfibro.it\/wp-content\/uploads\/2024\/09\/Logo-Edilfibro-2024-verde.webp","width":270,"height":105,"caption":"Edilfibro S.p.a."},"image":{"@id":"https:\/\/www.edilfibro.it\/fr\/#\/schema\/logo\/image\/"},"sameAs":["https:\/\/www.facebook.com\/edilfibro","https:\/\/www.linkedin.com\/company\/edilfibrospa\/","https:\/\/www.youtube.com\/channel\/UCfz1PuhFpXa0MFkRDzC_Cgw"]},{"@type":"Person","@id":"https:\/\/www.edilfibro.it\/fr\/#\/schema\/person\/c82cc4a36583d53b46719a8930692f17","name":"Fabiola","image":{"@type":"ImageObject","inLanguage":"fr-FR","@id":"https:\/\/www.edilfibro.it\/fr\/#\/schema\/person\/image\/","url":"https:\/\/secure.gravatar.com\/avatar\/77453da865a85cbc8a7f1e65ba6cbad598233f8cf708201d73a9b9c0a5065e2b?s=96&d=mm&r=g","contentUrl":"https:\/\/secure.gravatar.com\/avatar\/77453da865a85cbc8a7f1e65ba6cbad598233f8cf708201d73a9b9c0a5065e2b?s=96&d=mm&r=g","caption":"Fabiola"}}]}},"_links":{"self":[{"href":"https:\/\/www.edilfibro.it\/fr\/wp-json\/wp\/v2\/posts\/7828","targetHints":{"allow":["GET"]}}],"collection":[{"href":"https:\/\/www.edilfibro.it\/fr\/wp-json\/wp\/v2\/posts"}],"about":[{"href":"https:\/\/www.edilfibro.it\/fr\/wp-json\/wp\/v2\/types\/post"}],"author":[{"embeddable":true,"href":"https:\/\/www.edilfibro.it\/fr\/wp-json\/wp\/v2\/users\/5"}],"replies":[{"embeddable":true,"href":"https:\/\/www.edilfibro.it\/fr\/wp-json\/wp\/v2\/comments?post=7828"}],"version-history":[{"count":1,"href":"https:\/\/www.edilfibro.it\/fr\/wp-json\/wp\/v2\/posts\/7828\/revisions"}],"predecessor-version":[{"id":7831,"href":"https:\/\/www.edilfibro.it\/fr\/wp-json\/wp\/v2\/posts\/7828\/revisions\/7831"}],"wp:featuredmedia":[{"embeddable":true,"href":"https:\/\/www.edilfibro.it\/fr\/wp-json\/wp\/v2\/media\/7824"}],"wp:attachment":[{"href":"https:\/\/www.edilfibro.it\/fr\/wp-json\/wp\/v2\/media?parent=7828"}],"wp:term":[{"taxonomy":"category","embeddable":true,"href":"https:\/\/www.edilfibro.it\/fr\/wp-json\/wp\/v2\/categories?post=7828"},{"taxonomy":"post_tag","embeddable":true,"href":"https:\/\/www.edilfibro.it\/fr\/wp-json\/wp\/v2\/tags?post=7828"}],"curies":[{"name":"wp","href":"https:\/\/api.w.org\/{rel}","templated":true}]}}