{"id":7782,"date":"2026-01-12T11:57:04","date_gmt":"2026-01-12T10:57:04","guid":{"rendered":"https:\/\/www.edilfibro.it\/?p=7782"},"modified":"2026-01-12T11:59:09","modified_gmt":"2026-01-12T10:59:09","slug":"lamma-show-2026","status":"publish","type":"post","link":"https:\/\/www.edilfibro.it\/fr\/lamma-show-2026\/","title":{"rendered":"LAMMA SHOW 2026"},"content":{"rendered":"<p data-start=\"909\" data-end=\"945\"><strong data-start=\"909\" data-end=\"945\">Rendez-vous au LAMMA Show 2026 !<\/strong><\/p>\n<p data-start=\"947\" data-end=\"1080\">Les <strong data-start=\"951\" data-end=\"971\">14 et 15 janvier<\/strong>, nous serons pr\u00e9sents au <strong data-start=\"997\" data-end=\"1025\">LAMMA Show de Birmingham<\/strong>, l\u2019un des \u00e9v\u00e9nements de r\u00e9f\u00e9rence du secteur agricole.<\/p>\n<p data-start=\"1082\" data-end=\"1228\">Venez nous rencontrer au <strong data-start=\"1107\" data-end=\"1146\">stand n\u00b0 8.752 au NEC de Birmingham<\/strong> : ce sera l\u2019occasion id\u00e9ale d\u2019\u00e9changer en personne et de d\u00e9couvrir nos solutions.<\/p>\n<p data-start=\"1230\" data-end=\"1251\">Nous vous attendons !<\/p>\n","protected":false},"excerpt":{"rendered":"<p>Rendez-vous au LAMMA Show 2026 ! Les 14 et 15 janvier, nous serons pr\u00e9sents au LAMMA Show de Birmingham, l\u2019un des \u00e9v\u00e9nements de r\u00e9f\u00e9rence du secteur agricole. Venez nous rencontrer au stand n\u00b0 8.752 au NEC de Birmingham : ce sera l\u2019occasion id\u00e9ale d\u2019\u00e9changer en personne et de d\u00e9couvrir nos solutions. Nous vous attendons !<\/p>\n","protected":false},"author":5,"featured_media":7778,"comment_status":"closed","ping_status":"closed","sticky":false,"template":"","format":"standard","meta":{"footnotes":""},"categories":[407],"tags":[],"class_list":["post-7782","post","type-post","status-publish","format-standard","has-post-thumbnail","hentry","category-evenements"],"yoast_head":"<!-- This site is optimized with the Yoast SEO plugin v26.6 - https:\/\/yoast.com\/wordpress\/plugins\/seo\/ -->\n<title>LAMMA SHOW 2026 - Edilfibro S.p.a.<\/title>\n<meta name=\"robots\" content=\"index, follow, max-snippet:-1, max-image-preview:large, max-video-preview:-1\" \/>\n<link rel=\"canonical\" href=\"https:\/\/www.edilfibro.it\/fr\/lamma-show-2026\/\" \/>\n<meta property=\"og:locale\" content=\"fr_FR\" \/>\n<meta property=\"og:type\" content=\"article\" \/>\n<meta property=\"og:title\" content=\"LAMMA SHOW 2026 - Edilfibro S.p.a.\" \/>\n<meta property=\"og:description\" content=\"Rendez-vous au LAMMA Show 2026 ! Les 14 et 15 janvier, nous serons pr\u00e9sents au LAMMA Show de Birmingham, l\u2019un des \u00e9v\u00e9nements de r\u00e9f\u00e9rence du secteur agricole. Venez nous rencontrer au stand n\u00b0 8.752 au NEC de Birmingham : ce sera l\u2019occasion id\u00e9ale d\u2019\u00e9changer en personne et de d\u00e9couvrir nos solutions. Nous vous attendons !\" \/>\n<meta property=\"og:url\" content=\"https:\/\/www.edilfibro.it\/fr\/lamma-show-2026\/\" \/>\n<meta property=\"og:site_name\" content=\"Edilfibro S.p.a.\" \/>\n<meta property=\"article:publisher\" content=\"https:\/\/www.facebook.com\/edilfibro\" \/>\n<meta property=\"article:published_time\" content=\"2026-01-12T10:57:04+00:00\" \/>\n<meta property=\"article:modified_time\" content=\"2026-01-12T10:59:09+00:00\" \/>\n<meta property=\"og:image\" content=\"https:\/\/www.edilfibro.it\/wp-content\/uploads\/2026\/01\/Copia-di-LAMMA-2026-Social-media-post-1.png\" \/>\n\t<meta property=\"og:image:width\" content=\"940\" \/>\n\t<meta property=\"og:image:height\" content=\"788\" \/>\n\t<meta property=\"og:image:type\" content=\"image\/png\" \/>\n<meta name=\"author\" content=\"Fabiola\" \/>\n<meta name=\"twitter:card\" content=\"summary_large_image\" \/>\n<meta name=\"twitter:label1\" content=\"\u00c9crit par\" \/>\n\t<meta name=\"twitter:data1\" content=\"Fabiola\" \/>\n\t<meta name=\"twitter:label2\" content=\"Dur\u00e9e de lecture estim\u00e9e\" \/>\n\t<meta name=\"twitter:data2\" content=\"1 minute\" \/>\n<script type=\"application\/ld+json\" class=\"yoast-schema-graph\">{\"@context\":\"https:\/\/schema.org\",\"@graph\":[{\"@type\":\"Article\",\"@id\":\"https:\/\/www.edilfibro.it\/fr\/lamma-show-2026\/#article\",\"isPartOf\":{\"@id\":\"https:\/\/www.edilfibro.it\/fr\/lamma-show-2026\/\"},\"author\":{\"name\":\"Fabiola\",\"@id\":\"https:\/\/www.edilfibro.it\/fr\/#\/schema\/person\/c82cc4a36583d53b46719a8930692f17\"},\"headline\":\"LAMMA SHOW 2026\",\"datePublished\":\"2026-01-12T10:57:04+00:00\",\"dateModified\":\"2026-01-12T10:59:09+00:00\",\"mainEntityOfPage\":{\"@id\":\"https:\/\/www.edilfibro.it\/fr\/lamma-show-2026\/\"},\"wordCount\":59,\"publisher\":{\"@id\":\"https:\/\/www.edilfibro.it\/fr\/#organization\"},\"image\":{\"@id\":\"https:\/\/www.edilfibro.it\/fr\/lamma-show-2026\/#primaryimage\"},\"thumbnailUrl\":\"https:\/\/www.edilfibro.it\/wp-content\/uploads\/2026\/01\/Copia-di-LAMMA-2026-Social-media-post-1.png\",\"articleSection\":[\"\u00c9v\u00e9nements\"],\"inLanguage\":\"fr-FR\"},{\"@type\":\"WebPage\",\"@id\":\"https:\/\/www.edilfibro.it\/fr\/lamma-show-2026\/\",\"url\":\"https:\/\/www.edilfibro.it\/fr\/lamma-show-2026\/\",\"name\":\"LAMMA SHOW 2026 - Edilfibro S.p.a.\",\"isPartOf\":{\"@id\":\"https:\/\/www.edilfibro.it\/fr\/#website\"},\"primaryImageOfPage\":{\"@id\":\"https:\/\/www.edilfibro.it\/fr\/lamma-show-2026\/#primaryimage\"},\"image\":{\"@id\":\"https:\/\/www.edilfibro.it\/fr\/lamma-show-2026\/#primaryimage\"},\"thumbnailUrl\":\"https:\/\/www.edilfibro.it\/wp-content\/uploads\/2026\/01\/Copia-di-LAMMA-2026-Social-media-post-1.png\",\"datePublished\":\"2026-01-12T10:57:04+00:00\",\"dateModified\":\"2026-01-12T10:59:09+00:00\",\"breadcrumb\":{\"@id\":\"https:\/\/www.edilfibro.it\/fr\/lamma-show-2026\/#breadcrumb\"},\"inLanguage\":\"fr-FR\",\"potentialAction\":[{\"@type\":\"ReadAction\",\"target\":[\"https:\/\/www.edilfibro.it\/fr\/lamma-show-2026\/\"]}]},{\"@type\":\"ImageObject\",\"inLanguage\":\"fr-FR\",\"@id\":\"https:\/\/www.edilfibro.it\/fr\/lamma-show-2026\/#primaryimage\",\"url\":\"https:\/\/www.edilfibro.it\/wp-content\/uploads\/2026\/01\/Copia-di-LAMMA-2026-Social-media-post-1.png\",\"contentUrl\":\"https:\/\/www.edilfibro.it\/wp-content\/uploads\/2026\/01\/Copia-di-LAMMA-2026-Social-media-post-1.png\",\"width\":940,\"height\":788},{\"@type\":\"BreadcrumbList\",\"@id\":\"https:\/\/www.edilfibro.it\/fr\/lamma-show-2026\/#breadcrumb\",\"itemListElement\":[{\"@type\":\"ListItem\",\"position\":1,\"name\":\"Home\",\"item\":\"https:\/\/www.edilfibro.it\/fr\/\"},{\"@type\":\"ListItem\",\"position\":2,\"name\":\"LAMMA SHOW 2026\"}]},{\"@type\":\"WebSite\",\"@id\":\"https:\/\/www.edilfibro.it\/fr\/#website\",\"url\":\"https:\/\/www.edilfibro.it\/fr\/\",\"name\":\"Edilfibro S.p.a.\",\"description\":\"Coperture per tetti, lastre fibrocemento e metallo\",\"publisher\":{\"@id\":\"https:\/\/www.edilfibro.it\/fr\/#organization\"},\"potentialAction\":[{\"@type\":\"SearchAction\",\"target\":{\"@type\":\"EntryPoint\",\"urlTemplate\":\"https:\/\/www.edilfibro.it\/fr\/?s={search_term_string}\"},\"query-input\":{\"@type\":\"PropertyValueSpecification\",\"valueRequired\":true,\"valueName\":\"search_term_string\"}}],\"inLanguage\":\"fr-FR\"},{\"@type\":\"Organization\",\"@id\":\"https:\/\/www.edilfibro.it\/fr\/#organization\",\"name\":\"Edilfibro S.p.a.\",\"url\":\"https:\/\/www.edilfibro.it\/fr\/\",\"logo\":{\"@type\":\"ImageObject\",\"inLanguage\":\"fr-FR\",\"@id\":\"https:\/\/www.edilfibro.it\/fr\/#\/schema\/logo\/image\/\",\"url\":\"https:\/\/www.edilfibro.it\/wp-content\/uploads\/2024\/09\/Logo-Edilfibro-2024-verde.webp\",\"contentUrl\":\"https:\/\/www.edilfibro.it\/wp-content\/uploads\/2024\/09\/Logo-Edilfibro-2024-verde.webp\",\"width\":270,\"height\":105,\"caption\":\"Edilfibro S.p.a.\"},\"image\":{\"@id\":\"https:\/\/www.edilfibro.it\/fr\/#\/schema\/logo\/image\/\"},\"sameAs\":[\"https:\/\/www.facebook.com\/edilfibro\",\"https:\/\/www.linkedin.com\/company\/edilfibrospa\/\",\"https:\/\/www.youtube.com\/channel\/UCfz1PuhFpXa0MFkRDzC_Cgw\"]},{\"@type\":\"Person\",\"@id\":\"https:\/\/www.edilfibro.it\/fr\/#\/schema\/person\/c82cc4a36583d53b46719a8930692f17\",\"name\":\"Fabiola\",\"image\":{\"@type\":\"ImageObject\",\"inLanguage\":\"fr-FR\",\"@id\":\"https:\/\/www.edilfibro.it\/fr\/#\/schema\/person\/image\/\",\"url\":\"https:\/\/secure.gravatar.com\/avatar\/77453da865a85cbc8a7f1e65ba6cbad598233f8cf708201d73a9b9c0a5065e2b?s=96&d=mm&r=g\",\"contentUrl\":\"https:\/\/secure.gravatar.com\/avatar\/77453da865a85cbc8a7f1e65ba6cbad598233f8cf708201d73a9b9c0a5065e2b?s=96&d=mm&r=g\",\"caption\":\"Fabiola\"}}]}<\/script>\n<!-- \/ Yoast SEO plugin. -->","yoast_head_json":{"title":"LAMMA SHOW 2026 - Edilfibro S.p.a.","robots":{"index":"index","follow":"follow","max-snippet":"max-snippet:-1","max-image-preview":"max-image-preview:large","max-video-preview":"max-video-preview:-1"},"canonical":"https:\/\/www.edilfibro.it\/fr\/lamma-show-2026\/","og_locale":"fr_FR","og_type":"article","og_title":"LAMMA SHOW 2026 - Edilfibro S.p.a.","og_description":"Rendez-vous au LAMMA Show 2026 ! Les 14 et 15 janvier, nous serons pr\u00e9sents au LAMMA Show de Birmingham, l\u2019un des \u00e9v\u00e9nements de r\u00e9f\u00e9rence du secteur agricole. Venez nous rencontrer au stand n\u00b0 8.752 au NEC de Birmingham : ce sera l\u2019occasion id\u00e9ale d\u2019\u00e9changer en personne et de d\u00e9couvrir nos solutions. Nous vous attendons !","og_url":"https:\/\/www.edilfibro.it\/fr\/lamma-show-2026\/","og_site_name":"Edilfibro S.p.a.","article_publisher":"https:\/\/www.facebook.com\/edilfibro","article_published_time":"2026-01-12T10:57:04+00:00","article_modified_time":"2026-01-12T10:59:09+00:00","og_image":[{"width":940,"height":788,"url":"https:\/\/www.edilfibro.it\/wp-content\/uploads\/2026\/01\/Copia-di-LAMMA-2026-Social-media-post-1.png","type":"image\/png"}],"author":"Fabiola","twitter_card":"summary_large_image","twitter_misc":{"\u00c9crit par":"Fabiola","Dur\u00e9e de lecture estim\u00e9e":"1 minute"},"schema":{"@context":"https:\/\/schema.org","@graph":[{"@type":"Article","@id":"https:\/\/www.edilfibro.it\/fr\/lamma-show-2026\/#article","isPartOf":{"@id":"https:\/\/www.edilfibro.it\/fr\/lamma-show-2026\/"},"author":{"name":"Fabiola","@id":"https:\/\/www.edilfibro.it\/fr\/#\/schema\/person\/c82cc4a36583d53b46719a8930692f17"},"headline":"LAMMA SHOW 2026","datePublished":"2026-01-12T10:57:04+00:00","dateModified":"2026-01-12T10:59:09+00:00","mainEntityOfPage":{"@id":"https:\/\/www.edilfibro.it\/fr\/lamma-show-2026\/"},"wordCount":59,"publisher":{"@id":"https:\/\/www.edilfibro.it\/fr\/#organization"},"image":{"@id":"https:\/\/www.edilfibro.it\/fr\/lamma-show-2026\/#primaryimage"},"thumbnailUrl":"https:\/\/www.edilfibro.it\/wp-content\/uploads\/2026\/01\/Copia-di-LAMMA-2026-Social-media-post-1.png","articleSection":["\u00c9v\u00e9nements"],"inLanguage":"fr-FR"},{"@type":"WebPage","@id":"https:\/\/www.edilfibro.it\/fr\/lamma-show-2026\/","url":"https:\/\/www.edilfibro.it\/fr\/lamma-show-2026\/","name":"LAMMA SHOW 2026 - Edilfibro S.p.a.","isPartOf":{"@id":"https:\/\/www.edilfibro.it\/fr\/#website"},"primaryImageOfPage":{"@id":"https:\/\/www.edilfibro.it\/fr\/lamma-show-2026\/#primaryimage"},"image":{"@id":"https:\/\/www.edilfibro.it\/fr\/lamma-show-2026\/#primaryimage"},"thumbnailUrl":"https:\/\/www.edilfibro.it\/wp-content\/uploads\/2026\/01\/Copia-di-LAMMA-2026-Social-media-post-1.png","datePublished":"2026-01-12T10:57:04+00:00","dateModified":"2026-01-12T10:59:09+00:00","breadcrumb":{"@id":"https:\/\/www.edilfibro.it\/fr\/lamma-show-2026\/#breadcrumb"},"inLanguage":"fr-FR","potentialAction":[{"@type":"ReadAction","target":["https:\/\/www.edilfibro.it\/fr\/lamma-show-2026\/"]}]},{"@type":"ImageObject","inLanguage":"fr-FR","@id":"https:\/\/www.edilfibro.it\/fr\/lamma-show-2026\/#primaryimage","url":"https:\/\/www.edilfibro.it\/wp-content\/uploads\/2026\/01\/Copia-di-LAMMA-2026-Social-media-post-1.png","contentUrl":"https:\/\/www.edilfibro.it\/wp-content\/uploads\/2026\/01\/Copia-di-LAMMA-2026-Social-media-post-1.png","width":940,"height":788},{"@type":"BreadcrumbList","@id":"https:\/\/www.edilfibro.it\/fr\/lamma-show-2026\/#breadcrumb","itemListElement":[{"@type":"ListItem","position":1,"name":"Home","item":"https:\/\/www.edilfibro.it\/fr\/"},{"@type":"ListItem","position":2,"name":"LAMMA SHOW 2026"}]},{"@type":"WebSite","@id":"https:\/\/www.edilfibro.it\/fr\/#website","url":"https:\/\/www.edilfibro.it\/fr\/","name":"Edilfibro S.p.a.","description":"Coperture per tetti, lastre fibrocemento e metallo","publisher":{"@id":"https:\/\/www.edilfibro.it\/fr\/#organization"},"potentialAction":[{"@type":"SearchAction","target":{"@type":"EntryPoint","urlTemplate":"https:\/\/www.edilfibro.it\/fr\/?s={search_term_string}"},"query-input":{"@type":"PropertyValueSpecification","valueRequired":true,"valueName":"search_term_string"}}],"inLanguage":"fr-FR"},{"@type":"Organization","@id":"https:\/\/www.edilfibro.it\/fr\/#organization","name":"Edilfibro S.p.a.","url":"https:\/\/www.edilfibro.it\/fr\/","logo":{"@type":"ImageObject","inLanguage":"fr-FR","@id":"https:\/\/www.edilfibro.it\/fr\/#\/schema\/logo\/image\/","url":"https:\/\/www.edilfibro.it\/wp-content\/uploads\/2024\/09\/Logo-Edilfibro-2024-verde.webp","contentUrl":"https:\/\/www.edilfibro.it\/wp-content\/uploads\/2024\/09\/Logo-Edilfibro-2024-verde.webp","width":270,"height":105,"caption":"Edilfibro S.p.a."},"image":{"@id":"https:\/\/www.edilfibro.it\/fr\/#\/schema\/logo\/image\/"},"sameAs":["https:\/\/www.facebook.com\/edilfibro","https:\/\/www.linkedin.com\/company\/edilfibrospa\/","https:\/\/www.youtube.com\/channel\/UCfz1PuhFpXa0MFkRDzC_Cgw"]},{"@type":"Person","@id":"https:\/\/www.edilfibro.it\/fr\/#\/schema\/person\/c82cc4a36583d53b46719a8930692f17","name":"Fabiola","image":{"@type":"ImageObject","inLanguage":"fr-FR","@id":"https:\/\/www.edilfibro.it\/fr\/#\/schema\/person\/image\/","url":"https:\/\/secure.gravatar.com\/avatar\/77453da865a85cbc8a7f1e65ba6cbad598233f8cf708201d73a9b9c0a5065e2b?s=96&d=mm&r=g","contentUrl":"https:\/\/secure.gravatar.com\/avatar\/77453da865a85cbc8a7f1e65ba6cbad598233f8cf708201d73a9b9c0a5065e2b?s=96&d=mm&r=g","caption":"Fabiola"}}]}},"_links":{"self":[{"href":"https:\/\/www.edilfibro.it\/fr\/wp-json\/wp\/v2\/posts\/7782","targetHints":{"allow":["GET"]}}],"collection":[{"href":"https:\/\/www.edilfibro.it\/fr\/wp-json\/wp\/v2\/posts"}],"about":[{"href":"https:\/\/www.edilfibro.it\/fr\/wp-json\/wp\/v2\/types\/post"}],"author":[{"embeddable":true,"href":"https:\/\/www.edilfibro.it\/fr\/wp-json\/wp\/v2\/users\/5"}],"replies":[{"embeddable":true,"href":"https:\/\/www.edilfibro.it\/fr\/wp-json\/wp\/v2\/comments?post=7782"}],"version-history":[{"count":1,"href":"https:\/\/www.edilfibro.it\/fr\/wp-json\/wp\/v2\/posts\/7782\/revisions"}],"predecessor-version":[{"id":7783,"href":"https:\/\/www.edilfibro.it\/fr\/wp-json\/wp\/v2\/posts\/7782\/revisions\/7783"}],"wp:featuredmedia":[{"embeddable":true,"href":"https:\/\/www.edilfibro.it\/fr\/wp-json\/wp\/v2\/media\/7778"}],"wp:attachment":[{"href":"https:\/\/www.edilfibro.it\/fr\/wp-json\/wp\/v2\/media?parent=7782"}],"wp:term":[{"taxonomy":"category","embeddable":true,"href":"https:\/\/www.edilfibro.it\/fr\/wp-json\/wp\/v2\/categories?post=7782"},{"taxonomy":"post_tag","embeddable":true,"href":"https:\/\/www.edilfibro.it\/fr\/wp-json\/wp\/v2\/tags?post=7782"}],"curies":[{"name":"wp","href":"https:\/\/api.w.org\/{rel}","templated":true}]}}