{"id":6617,"date":"2024-10-30T16:22:26","date_gmt":"2024-10-30T15:22:26","guid":{"rendered":"https:\/\/www.edilfibro.it\/ci-siamo-rifatti-il-look\/"},"modified":"2024-12-05T16:32:35","modified_gmt":"2024-12-05T15:32:35","slug":"ci-siamo-rifatti-il-look","status":"publish","type":"post","link":"https:\/\/www.edilfibro.it\/fr\/ci-siamo-rifatti-il-look\/","title":{"rendered":"NOUS AVONS CHANG\u00c9 DE LOOK !"},"content":{"rendered":"<p>Nous sommes en ligne avec le nouveau site Edilfibro !<\/p>\n<p>Nous sommes heureux de vous pr\u00e9senter notre site web enti\u00e8rement remani\u00e9 !<\/p>\n<p>Le projet de rebranding a \u00e9t\u00e9 cr\u00e9\u00e9 pour offrir aux clients et aux partenaires une plateforme plus intuitive et fonctionnelle, o\u00f9 ils peuvent trouver toutes les informations et la documentation technique sur nos produits.<\/p>\n<p>Un site cr\u00e9\u00e9 pour vous : une navigation optimis\u00e9e, un acc\u00e8s rapide aux mat\u00e9riaux et une exp\u00e9rience utilisateur am\u00e9lior\u00e9e.<\/p>\n<p>Nous accueillons un nouveau chapitre de l&#8217;histoire d&#8217;Edilfibro, con\u00e7u pour renforcer notre engagement en faveur de l&#8217;innovation et de la qualit\u00e9.<\/p>\n","protected":false},"excerpt":{"rendered":"<p>Nous sommes en ligne avec le nouveau site Edilfibro ! Nous sommes heureux de vous pr\u00e9senter notre site web enti\u00e8rement remani\u00e9 ! Le projet de rebranding a \u00e9t\u00e9 cr\u00e9\u00e9 pour offrir aux clients et aux partenaires une plateforme plus intuitive et fonctionnelle, o\u00f9 ils peuvent trouver toutes les informations et la documentation technique sur nos&#8230;<\/p>\n","protected":false},"author":5,"featured_media":6613,"comment_status":"closed","ping_status":"closed","sticky":false,"template":"","format":"standard","meta":{"footnotes":""},"categories":[408],"tags":[],"class_list":["post-6617","post","type-post","status-publish","format-standard","has-post-thumbnail","hentry","category-nouvelles"],"yoast_head":"<!-- This site is optimized with the Yoast SEO plugin v26.6 - https:\/\/yoast.com\/wordpress\/plugins\/seo\/ -->\n<title>NOUS AVONS CHANG\u00c9 DE LOOK ! - Edilfibro S.p.a.<\/title>\n<meta name=\"robots\" content=\"index, follow, max-snippet:-1, max-image-preview:large, max-video-preview:-1\" \/>\n<link rel=\"canonical\" href=\"https:\/\/www.edilfibro.it\/fr\/ci-siamo-rifatti-il-look\/\" \/>\n<meta property=\"og:locale\" content=\"fr_FR\" \/>\n<meta property=\"og:type\" content=\"article\" \/>\n<meta property=\"og:title\" content=\"NOUS AVONS CHANG\u00c9 DE LOOK ! - Edilfibro S.p.a.\" \/>\n<meta property=\"og:description\" content=\"Nous sommes en ligne avec le nouveau site Edilfibro ! Nous sommes heureux de vous pr\u00e9senter notre site web enti\u00e8rement remani\u00e9 ! Le projet de rebranding a \u00e9t\u00e9 cr\u00e9\u00e9 pour offrir aux clients et aux partenaires une plateforme plus intuitive et fonctionnelle, o\u00f9 ils peuvent trouver toutes les informations et la documentation technique sur nos...\" \/>\n<meta property=\"og:url\" content=\"https:\/\/www.edilfibro.it\/fr\/ci-siamo-rifatti-il-look\/\" \/>\n<meta property=\"og:site_name\" content=\"Edilfibro S.p.a.\" \/>\n<meta property=\"article:publisher\" content=\"https:\/\/www.facebook.com\/edilfibro\" \/>\n<meta property=\"article:published_time\" content=\"2024-10-30T15:22:26+00:00\" \/>\n<meta property=\"article:modified_time\" content=\"2024-12-05T15:32:35+00:00\" \/>\n<meta property=\"og:image\" content=\"https:\/\/www.edilfibro.it\/wp-content\/uploads\/2024\/12\/ANNUNCIO-SITO-INTERNET.png\" \/>\n\t<meta property=\"og:image:width\" content=\"1200\" \/>\n\t<meta property=\"og:image:height\" content=\"1200\" \/>\n\t<meta property=\"og:image:type\" content=\"image\/png\" \/>\n<meta name=\"author\" content=\"Fabiola\" \/>\n<meta name=\"twitter:card\" content=\"summary_large_image\" \/>\n<meta name=\"twitter:label1\" content=\"\u00c9crit par\" \/>\n\t<meta name=\"twitter:data1\" content=\"Fabiola\" \/>\n\t<meta name=\"twitter:label2\" content=\"Dur\u00e9e de lecture estim\u00e9e\" \/>\n\t<meta name=\"twitter:data2\" content=\"1 minute\" \/>\n<script type=\"application\/ld+json\" class=\"yoast-schema-graph\">{\"@context\":\"https:\/\/schema.org\",\"@graph\":[{\"@type\":\"Article\",\"@id\":\"https:\/\/www.edilfibro.it\/fr\/ci-siamo-rifatti-il-look\/#article\",\"isPartOf\":{\"@id\":\"https:\/\/www.edilfibro.it\/fr\/ci-siamo-rifatti-il-look\/\"},\"author\":{\"name\":\"Fabiola\",\"@id\":\"https:\/\/www.edilfibro.it\/fr\/#\/schema\/person\/c82cc4a36583d53b46719a8930692f17\"},\"headline\":\"NOUS AVONS CHANG\u00c9 DE LOOK !\",\"datePublished\":\"2024-10-30T15:22:26+00:00\",\"dateModified\":\"2024-12-05T15:32:35+00:00\",\"mainEntityOfPage\":{\"@id\":\"https:\/\/www.edilfibro.it\/fr\/ci-siamo-rifatti-il-look\/\"},\"wordCount\":110,\"publisher\":{\"@id\":\"https:\/\/www.edilfibro.it\/fr\/#organization\"},\"image\":{\"@id\":\"https:\/\/www.edilfibro.it\/fr\/ci-siamo-rifatti-il-look\/#primaryimage\"},\"thumbnailUrl\":\"https:\/\/www.edilfibro.it\/wp-content\/uploads\/2024\/12\/ANNUNCIO-SITO-INTERNET.png\",\"articleSection\":[\"Nouvelles\"],\"inLanguage\":\"fr-FR\"},{\"@type\":\"WebPage\",\"@id\":\"https:\/\/www.edilfibro.it\/fr\/ci-siamo-rifatti-il-look\/\",\"url\":\"https:\/\/www.edilfibro.it\/fr\/ci-siamo-rifatti-il-look\/\",\"name\":\"NOUS AVONS CHANG\u00c9 DE LOOK ! - Edilfibro S.p.a.\",\"isPartOf\":{\"@id\":\"https:\/\/www.edilfibro.it\/fr\/#website\"},\"primaryImageOfPage\":{\"@id\":\"https:\/\/www.edilfibro.it\/fr\/ci-siamo-rifatti-il-look\/#primaryimage\"},\"image\":{\"@id\":\"https:\/\/www.edilfibro.it\/fr\/ci-siamo-rifatti-il-look\/#primaryimage\"},\"thumbnailUrl\":\"https:\/\/www.edilfibro.it\/wp-content\/uploads\/2024\/12\/ANNUNCIO-SITO-INTERNET.png\",\"datePublished\":\"2024-10-30T15:22:26+00:00\",\"dateModified\":\"2024-12-05T15:32:35+00:00\",\"breadcrumb\":{\"@id\":\"https:\/\/www.edilfibro.it\/fr\/ci-siamo-rifatti-il-look\/#breadcrumb\"},\"inLanguage\":\"fr-FR\",\"potentialAction\":[{\"@type\":\"ReadAction\",\"target\":[\"https:\/\/www.edilfibro.it\/fr\/ci-siamo-rifatti-il-look\/\"]}]},{\"@type\":\"ImageObject\",\"inLanguage\":\"fr-FR\",\"@id\":\"https:\/\/www.edilfibro.it\/fr\/ci-siamo-rifatti-il-look\/#primaryimage\",\"url\":\"https:\/\/www.edilfibro.it\/wp-content\/uploads\/2024\/12\/ANNUNCIO-SITO-INTERNET.png\",\"contentUrl\":\"https:\/\/www.edilfibro.it\/wp-content\/uploads\/2024\/12\/ANNUNCIO-SITO-INTERNET.png\",\"width\":1200,\"height\":1200},{\"@type\":\"BreadcrumbList\",\"@id\":\"https:\/\/www.edilfibro.it\/fr\/ci-siamo-rifatti-il-look\/#breadcrumb\",\"itemListElement\":[{\"@type\":\"ListItem\",\"position\":1,\"name\":\"Home\",\"item\":\"https:\/\/www.edilfibro.it\/fr\/\"},{\"@type\":\"ListItem\",\"position\":2,\"name\":\"NOUS AVONS CHANG\u00c9 DE LOOK !\"}]},{\"@type\":\"WebSite\",\"@id\":\"https:\/\/www.edilfibro.it\/fr\/#website\",\"url\":\"https:\/\/www.edilfibro.it\/fr\/\",\"name\":\"Edilfibro S.p.a.\",\"description\":\"Coperture per tetti, lastre fibrocemento e metallo\",\"publisher\":{\"@id\":\"https:\/\/www.edilfibro.it\/fr\/#organization\"},\"potentialAction\":[{\"@type\":\"SearchAction\",\"target\":{\"@type\":\"EntryPoint\",\"urlTemplate\":\"https:\/\/www.edilfibro.it\/fr\/?s={search_term_string}\"},\"query-input\":{\"@type\":\"PropertyValueSpecification\",\"valueRequired\":true,\"valueName\":\"search_term_string\"}}],\"inLanguage\":\"fr-FR\"},{\"@type\":\"Organization\",\"@id\":\"https:\/\/www.edilfibro.it\/fr\/#organization\",\"name\":\"Edilfibro S.p.a.\",\"url\":\"https:\/\/www.edilfibro.it\/fr\/\",\"logo\":{\"@type\":\"ImageObject\",\"inLanguage\":\"fr-FR\",\"@id\":\"https:\/\/www.edilfibro.it\/fr\/#\/schema\/logo\/image\/\",\"url\":\"https:\/\/www.edilfibro.it\/wp-content\/uploads\/2024\/09\/Logo-Edilfibro-2024-verde.webp\",\"contentUrl\":\"https:\/\/www.edilfibro.it\/wp-content\/uploads\/2024\/09\/Logo-Edilfibro-2024-verde.webp\",\"width\":270,\"height\":105,\"caption\":\"Edilfibro S.p.a.\"},\"image\":{\"@id\":\"https:\/\/www.edilfibro.it\/fr\/#\/schema\/logo\/image\/\"},\"sameAs\":[\"https:\/\/www.facebook.com\/edilfibro\",\"https:\/\/www.linkedin.com\/company\/edilfibrospa\/\",\"https:\/\/www.youtube.com\/channel\/UCfz1PuhFpXa0MFkRDzC_Cgw\"]},{\"@type\":\"Person\",\"@id\":\"https:\/\/www.edilfibro.it\/fr\/#\/schema\/person\/c82cc4a36583d53b46719a8930692f17\",\"name\":\"Fabiola\",\"image\":{\"@type\":\"ImageObject\",\"inLanguage\":\"fr-FR\",\"@id\":\"https:\/\/www.edilfibro.it\/fr\/#\/schema\/person\/image\/\",\"url\":\"https:\/\/secure.gravatar.com\/avatar\/77453da865a85cbc8a7f1e65ba6cbad598233f8cf708201d73a9b9c0a5065e2b?s=96&d=mm&r=g\",\"contentUrl\":\"https:\/\/secure.gravatar.com\/avatar\/77453da865a85cbc8a7f1e65ba6cbad598233f8cf708201d73a9b9c0a5065e2b?s=96&d=mm&r=g\",\"caption\":\"Fabiola\"}}]}<\/script>\n<!-- \/ Yoast SEO plugin. -->","yoast_head_json":{"title":"NOUS AVONS CHANG\u00c9 DE LOOK ! - Edilfibro S.p.a.","robots":{"index":"index","follow":"follow","max-snippet":"max-snippet:-1","max-image-preview":"max-image-preview:large","max-video-preview":"max-video-preview:-1"},"canonical":"https:\/\/www.edilfibro.it\/fr\/ci-siamo-rifatti-il-look\/","og_locale":"fr_FR","og_type":"article","og_title":"NOUS AVONS CHANG\u00c9 DE LOOK ! - Edilfibro S.p.a.","og_description":"Nous sommes en ligne avec le nouveau site Edilfibro ! Nous sommes heureux de vous pr\u00e9senter notre site web enti\u00e8rement remani\u00e9 ! Le projet de rebranding a \u00e9t\u00e9 cr\u00e9\u00e9 pour offrir aux clients et aux partenaires une plateforme plus intuitive et fonctionnelle, o\u00f9 ils peuvent trouver toutes les informations et la documentation technique sur nos...","og_url":"https:\/\/www.edilfibro.it\/fr\/ci-siamo-rifatti-il-look\/","og_site_name":"Edilfibro S.p.a.","article_publisher":"https:\/\/www.facebook.com\/edilfibro","article_published_time":"2024-10-30T15:22:26+00:00","article_modified_time":"2024-12-05T15:32:35+00:00","og_image":[{"width":1200,"height":1200,"url":"https:\/\/www.edilfibro.it\/wp-content\/uploads\/2024\/12\/ANNUNCIO-SITO-INTERNET.png","type":"image\/png"}],"author":"Fabiola","twitter_card":"summary_large_image","twitter_misc":{"\u00c9crit par":"Fabiola","Dur\u00e9e de lecture estim\u00e9e":"1 minute"},"schema":{"@context":"https:\/\/schema.org","@graph":[{"@type":"Article","@id":"https:\/\/www.edilfibro.it\/fr\/ci-siamo-rifatti-il-look\/#article","isPartOf":{"@id":"https:\/\/www.edilfibro.it\/fr\/ci-siamo-rifatti-il-look\/"},"author":{"name":"Fabiola","@id":"https:\/\/www.edilfibro.it\/fr\/#\/schema\/person\/c82cc4a36583d53b46719a8930692f17"},"headline":"NOUS AVONS CHANG\u00c9 DE LOOK !","datePublished":"2024-10-30T15:22:26+00:00","dateModified":"2024-12-05T15:32:35+00:00","mainEntityOfPage":{"@id":"https:\/\/www.edilfibro.it\/fr\/ci-siamo-rifatti-il-look\/"},"wordCount":110,"publisher":{"@id":"https:\/\/www.edilfibro.it\/fr\/#organization"},"image":{"@id":"https:\/\/www.edilfibro.it\/fr\/ci-siamo-rifatti-il-look\/#primaryimage"},"thumbnailUrl":"https:\/\/www.edilfibro.it\/wp-content\/uploads\/2024\/12\/ANNUNCIO-SITO-INTERNET.png","articleSection":["Nouvelles"],"inLanguage":"fr-FR"},{"@type":"WebPage","@id":"https:\/\/www.edilfibro.it\/fr\/ci-siamo-rifatti-il-look\/","url":"https:\/\/www.edilfibro.it\/fr\/ci-siamo-rifatti-il-look\/","name":"NOUS AVONS CHANG\u00c9 DE LOOK ! - Edilfibro S.p.a.","isPartOf":{"@id":"https:\/\/www.edilfibro.it\/fr\/#website"},"primaryImageOfPage":{"@id":"https:\/\/www.edilfibro.it\/fr\/ci-siamo-rifatti-il-look\/#primaryimage"},"image":{"@id":"https:\/\/www.edilfibro.it\/fr\/ci-siamo-rifatti-il-look\/#primaryimage"},"thumbnailUrl":"https:\/\/www.edilfibro.it\/wp-content\/uploads\/2024\/12\/ANNUNCIO-SITO-INTERNET.png","datePublished":"2024-10-30T15:22:26+00:00","dateModified":"2024-12-05T15:32:35+00:00","breadcrumb":{"@id":"https:\/\/www.edilfibro.it\/fr\/ci-siamo-rifatti-il-look\/#breadcrumb"},"inLanguage":"fr-FR","potentialAction":[{"@type":"ReadAction","target":["https:\/\/www.edilfibro.it\/fr\/ci-siamo-rifatti-il-look\/"]}]},{"@type":"ImageObject","inLanguage":"fr-FR","@id":"https:\/\/www.edilfibro.it\/fr\/ci-siamo-rifatti-il-look\/#primaryimage","url":"https:\/\/www.edilfibro.it\/wp-content\/uploads\/2024\/12\/ANNUNCIO-SITO-INTERNET.png","contentUrl":"https:\/\/www.edilfibro.it\/wp-content\/uploads\/2024\/12\/ANNUNCIO-SITO-INTERNET.png","width":1200,"height":1200},{"@type":"BreadcrumbList","@id":"https:\/\/www.edilfibro.it\/fr\/ci-siamo-rifatti-il-look\/#breadcrumb","itemListElement":[{"@type":"ListItem","position":1,"name":"Home","item":"https:\/\/www.edilfibro.it\/fr\/"},{"@type":"ListItem","position":2,"name":"NOUS AVONS CHANG\u00c9 DE LOOK !"}]},{"@type":"WebSite","@id":"https:\/\/www.edilfibro.it\/fr\/#website","url":"https:\/\/www.edilfibro.it\/fr\/","name":"Edilfibro S.p.a.","description":"Coperture per tetti, lastre fibrocemento e metallo","publisher":{"@id":"https:\/\/www.edilfibro.it\/fr\/#organization"},"potentialAction":[{"@type":"SearchAction","target":{"@type":"EntryPoint","urlTemplate":"https:\/\/www.edilfibro.it\/fr\/?s={search_term_string}"},"query-input":{"@type":"PropertyValueSpecification","valueRequired":true,"valueName":"search_term_string"}}],"inLanguage":"fr-FR"},{"@type":"Organization","@id":"https:\/\/www.edilfibro.it\/fr\/#organization","name":"Edilfibro S.p.a.","url":"https:\/\/www.edilfibro.it\/fr\/","logo":{"@type":"ImageObject","inLanguage":"fr-FR","@id":"https:\/\/www.edilfibro.it\/fr\/#\/schema\/logo\/image\/","url":"https:\/\/www.edilfibro.it\/wp-content\/uploads\/2024\/09\/Logo-Edilfibro-2024-verde.webp","contentUrl":"https:\/\/www.edilfibro.it\/wp-content\/uploads\/2024\/09\/Logo-Edilfibro-2024-verde.webp","width":270,"height":105,"caption":"Edilfibro S.p.a."},"image":{"@id":"https:\/\/www.edilfibro.it\/fr\/#\/schema\/logo\/image\/"},"sameAs":["https:\/\/www.facebook.com\/edilfibro","https:\/\/www.linkedin.com\/company\/edilfibrospa\/","https:\/\/www.youtube.com\/channel\/UCfz1PuhFpXa0MFkRDzC_Cgw"]},{"@type":"Person","@id":"https:\/\/www.edilfibro.it\/fr\/#\/schema\/person\/c82cc4a36583d53b46719a8930692f17","name":"Fabiola","image":{"@type":"ImageObject","inLanguage":"fr-FR","@id":"https:\/\/www.edilfibro.it\/fr\/#\/schema\/person\/image\/","url":"https:\/\/secure.gravatar.com\/avatar\/77453da865a85cbc8a7f1e65ba6cbad598233f8cf708201d73a9b9c0a5065e2b?s=96&d=mm&r=g","contentUrl":"https:\/\/secure.gravatar.com\/avatar\/77453da865a85cbc8a7f1e65ba6cbad598233f8cf708201d73a9b9c0a5065e2b?s=96&d=mm&r=g","caption":"Fabiola"}}]}},"_links":{"self":[{"href":"https:\/\/www.edilfibro.it\/fr\/wp-json\/wp\/v2\/posts\/6617","targetHints":{"allow":["GET"]}}],"collection":[{"href":"https:\/\/www.edilfibro.it\/fr\/wp-json\/wp\/v2\/posts"}],"about":[{"href":"https:\/\/www.edilfibro.it\/fr\/wp-json\/wp\/v2\/types\/post"}],"author":[{"embeddable":true,"href":"https:\/\/www.edilfibro.it\/fr\/wp-json\/wp\/v2\/users\/5"}],"replies":[{"embeddable":true,"href":"https:\/\/www.edilfibro.it\/fr\/wp-json\/wp\/v2\/comments?post=6617"}],"version-history":[{"count":3,"href":"https:\/\/www.edilfibro.it\/fr\/wp-json\/wp\/v2\/posts\/6617\/revisions"}],"predecessor-version":[{"id":6624,"href":"https:\/\/www.edilfibro.it\/fr\/wp-json\/wp\/v2\/posts\/6617\/revisions\/6624"}],"wp:featuredmedia":[{"embeddable":true,"href":"https:\/\/www.edilfibro.it\/fr\/wp-json\/wp\/v2\/media\/6613"}],"wp:attachment":[{"href":"https:\/\/www.edilfibro.it\/fr\/wp-json\/wp\/v2\/media?parent=6617"}],"wp:term":[{"taxonomy":"category","embeddable":true,"href":"https:\/\/www.edilfibro.it\/fr\/wp-json\/wp\/v2\/categories?post=6617"},{"taxonomy":"post_tag","embeddable":true,"href":"https:\/\/www.edilfibro.it\/fr\/wp-json\/wp\/v2\/tags?post=6617"}],"curies":[{"name":"wp","href":"https:\/\/api.w.org\/{rel}","templated":true}]}}