{"id":5212,"date":"2020-06-15T17:05:55","date_gmt":"2020-06-15T15:05:55","guid":{"rendered":"https:\/\/edilfibro2.noon.srl\/ottenimento-marchio-komo\/"},"modified":"2024-10-23T09:48:57","modified_gmt":"2024-10-23T07:48:57","slug":"obtention-de-la-marque-komo","status":"publish","type":"post","link":"https:\/\/www.edilfibro.it\/fr\/obtention-de-la-marque-komo\/","title":{"rendered":"Obtention de la marque Komo"},"content":{"rendered":"<p>L&#8217;organisme de certification KIWA a r\u00e9cemment attribu\u00e9 \u00e0 Edilfibro Spa la certification de produit KOMO, relative aux plaques en fibres-ciment \u00e9cologiques destin\u00e9es aux produits de couverture du march\u00e9 n\u00e9erlandais. Ce certificat atteste la conformit\u00e9 aux normes de produits BRL 1103 et BRL 5071.<\/p>\n","protected":false},"excerpt":{"rendered":"<p>L&#8217;organisme de certification KIWA a r\u00e9cemment attribu\u00e9 \u00e0 Edilfibro Spa la certification de produit KOMO, relative aux plaques en fibres-ciment \u00e9cologiques destin\u00e9es aux produits de couverture du march\u00e9 n\u00e9erlandais. Ce certificat atteste la conformit\u00e9 aux normes de produits BRL 1103 et BRL 5071.<\/p>\n","protected":false},"author":1,"featured_media":5213,"comment_status":"closed","ping_status":"closed","sticky":false,"template":"","format":"standard","meta":{"footnotes":""},"categories":[408],"tags":[],"class_list":["post-5212","post","type-post","status-publish","format-standard","has-post-thumbnail","hentry","category-nouvelles"],"yoast_head":"<!-- This site is optimized with the Yoast SEO plugin v26.6 - https:\/\/yoast.com\/wordpress\/plugins\/seo\/ -->\n<title>Obtention de la marque Komo - Edilfibro S.p.a.<\/title>\n<meta name=\"robots\" content=\"index, follow, max-snippet:-1, max-image-preview:large, max-video-preview:-1\" \/>\n<link rel=\"canonical\" href=\"https:\/\/www.edilfibro.it\/fr\/obtention-de-la-marque-komo\/\" \/>\n<meta property=\"og:locale\" content=\"fr_FR\" \/>\n<meta property=\"og:type\" content=\"article\" \/>\n<meta property=\"og:title\" content=\"Obtention de la marque Komo - Edilfibro S.p.a.\" \/>\n<meta property=\"og:description\" content=\"L&#8217;organisme de certification KIWA a r\u00e9cemment attribu\u00e9 \u00e0 Edilfibro Spa la certification de produit KOMO, relative aux plaques en fibres-ciment \u00e9cologiques destin\u00e9es aux produits de couverture du march\u00e9 n\u00e9erlandais. Ce certificat atteste la conformit\u00e9 aux normes de produits BRL 1103 et BRL 5071.\" \/>\n<meta property=\"og:url\" content=\"https:\/\/www.edilfibro.it\/fr\/obtention-de-la-marque-komo\/\" \/>\n<meta property=\"og:site_name\" content=\"Edilfibro S.p.a.\" \/>\n<meta property=\"article:publisher\" content=\"https:\/\/www.facebook.com\/edilfibro\" \/>\n<meta property=\"article:published_time\" content=\"2020-06-15T15:05:55+00:00\" \/>\n<meta property=\"article:modified_time\" content=\"2024-10-23T07:48:57+00:00\" \/>\n<meta property=\"og:image\" content=\"https:\/\/www.edilfibro.it\/wp-content\/uploads\/2024\/03\/KIWA-gecertificeerd.webp\" \/>\n\t<meta property=\"og:image:width\" content=\"600\" \/>\n\t<meta property=\"og:image:height\" content=\"396\" \/>\n\t<meta property=\"og:image:type\" content=\"image\/webp\" \/>\n<meta name=\"author\" content=\"Noon\" \/>\n<meta name=\"twitter:card\" content=\"summary_large_image\" \/>\n<meta name=\"twitter:label1\" content=\"\u00c9crit par\" \/>\n\t<meta name=\"twitter:data1\" content=\"Noon\" \/>\n<script type=\"application\/ld+json\" class=\"yoast-schema-graph\">{\"@context\":\"https:\/\/schema.org\",\"@graph\":[{\"@type\":\"Article\",\"@id\":\"https:\/\/www.edilfibro.it\/fr\/obtention-de-la-marque-komo\/#article\",\"isPartOf\":{\"@id\":\"https:\/\/www.edilfibro.it\/fr\/obtention-de-la-marque-komo\/\"},\"author\":{\"name\":\"Noon\",\"@id\":\"https:\/\/www.edilfibro.it\/fr\/#\/schema\/person\/c492c81e62913d239752913f289be141\"},\"headline\":\"Obtention de la marque Komo\",\"datePublished\":\"2020-06-15T15:05:55+00:00\",\"dateModified\":\"2024-10-23T07:48:57+00:00\",\"mainEntityOfPage\":{\"@id\":\"https:\/\/www.edilfibro.it\/fr\/obtention-de-la-marque-komo\/\"},\"wordCount\":49,\"publisher\":{\"@id\":\"https:\/\/www.edilfibro.it\/fr\/#organization\"},\"image\":{\"@id\":\"https:\/\/www.edilfibro.it\/fr\/obtention-de-la-marque-komo\/#primaryimage\"},\"thumbnailUrl\":\"https:\/\/www.edilfibro.it\/wp-content\/uploads\/2024\/03\/KIWA-gecertificeerd.webp\",\"articleSection\":[\"Nouvelles\"],\"inLanguage\":\"fr-FR\"},{\"@type\":\"WebPage\",\"@id\":\"https:\/\/www.edilfibro.it\/fr\/obtention-de-la-marque-komo\/\",\"url\":\"https:\/\/www.edilfibro.it\/fr\/obtention-de-la-marque-komo\/\",\"name\":\"Obtention de la marque Komo - Edilfibro S.p.a.\",\"isPartOf\":{\"@id\":\"https:\/\/www.edilfibro.it\/fr\/#website\"},\"primaryImageOfPage\":{\"@id\":\"https:\/\/www.edilfibro.it\/fr\/obtention-de-la-marque-komo\/#primaryimage\"},\"image\":{\"@id\":\"https:\/\/www.edilfibro.it\/fr\/obtention-de-la-marque-komo\/#primaryimage\"},\"thumbnailUrl\":\"https:\/\/www.edilfibro.it\/wp-content\/uploads\/2024\/03\/KIWA-gecertificeerd.webp\",\"datePublished\":\"2020-06-15T15:05:55+00:00\",\"dateModified\":\"2024-10-23T07:48:57+00:00\",\"breadcrumb\":{\"@id\":\"https:\/\/www.edilfibro.it\/fr\/obtention-de-la-marque-komo\/#breadcrumb\"},\"inLanguage\":\"fr-FR\",\"potentialAction\":[{\"@type\":\"ReadAction\",\"target\":[\"https:\/\/www.edilfibro.it\/fr\/obtention-de-la-marque-komo\/\"]}]},{\"@type\":\"ImageObject\",\"inLanguage\":\"fr-FR\",\"@id\":\"https:\/\/www.edilfibro.it\/fr\/obtention-de-la-marque-komo\/#primaryimage\",\"url\":\"https:\/\/www.edilfibro.it\/wp-content\/uploads\/2024\/03\/KIWA-gecertificeerd.webp\",\"contentUrl\":\"https:\/\/www.edilfibro.it\/wp-content\/uploads\/2024\/03\/KIWA-gecertificeerd.webp\",\"width\":600,\"height\":396},{\"@type\":\"BreadcrumbList\",\"@id\":\"https:\/\/www.edilfibro.it\/fr\/obtention-de-la-marque-komo\/#breadcrumb\",\"itemListElement\":[{\"@type\":\"ListItem\",\"position\":1,\"name\":\"Home\",\"item\":\"https:\/\/www.edilfibro.it\/fr\/\"},{\"@type\":\"ListItem\",\"position\":2,\"name\":\"Obtention de la marque Komo\"}]},{\"@type\":\"WebSite\",\"@id\":\"https:\/\/www.edilfibro.it\/fr\/#website\",\"url\":\"https:\/\/www.edilfibro.it\/fr\/\",\"name\":\"Edilfibro S.p.a.\",\"description\":\"Coperture per tetti, lastre fibrocemento e metallo\",\"publisher\":{\"@id\":\"https:\/\/www.edilfibro.it\/fr\/#organization\"},\"potentialAction\":[{\"@type\":\"SearchAction\",\"target\":{\"@type\":\"EntryPoint\",\"urlTemplate\":\"https:\/\/www.edilfibro.it\/fr\/?s={search_term_string}\"},\"query-input\":{\"@type\":\"PropertyValueSpecification\",\"valueRequired\":true,\"valueName\":\"search_term_string\"}}],\"inLanguage\":\"fr-FR\"},{\"@type\":\"Organization\",\"@id\":\"https:\/\/www.edilfibro.it\/fr\/#organization\",\"name\":\"Edilfibro S.p.a.\",\"url\":\"https:\/\/www.edilfibro.it\/fr\/\",\"logo\":{\"@type\":\"ImageObject\",\"inLanguage\":\"fr-FR\",\"@id\":\"https:\/\/www.edilfibro.it\/fr\/#\/schema\/logo\/image\/\",\"url\":\"https:\/\/www.edilfibro.it\/wp-content\/uploads\/2024\/09\/Logo-Edilfibro-2024-verde.webp\",\"contentUrl\":\"https:\/\/www.edilfibro.it\/wp-content\/uploads\/2024\/09\/Logo-Edilfibro-2024-verde.webp\",\"width\":270,\"height\":105,\"caption\":\"Edilfibro S.p.a.\"},\"image\":{\"@id\":\"https:\/\/www.edilfibro.it\/fr\/#\/schema\/logo\/image\/\"},\"sameAs\":[\"https:\/\/www.facebook.com\/edilfibro\",\"https:\/\/www.linkedin.com\/company\/edilfibrospa\/\",\"https:\/\/www.youtube.com\/channel\/UCfz1PuhFpXa0MFkRDzC_Cgw\"]},{\"@type\":\"Person\",\"@id\":\"https:\/\/www.edilfibro.it\/fr\/#\/schema\/person\/c492c81e62913d239752913f289be141\",\"name\":\"Noon\",\"image\":{\"@type\":\"ImageObject\",\"inLanguage\":\"fr-FR\",\"@id\":\"https:\/\/www.edilfibro.it\/fr\/#\/schema\/person\/image\/\",\"url\":\"https:\/\/secure.gravatar.com\/avatar\/5c91a09f140b0d404cb9d4501a9b4d38925246938e867db84b2c05302a2efd9e?s=96&d=mm&r=g\",\"contentUrl\":\"https:\/\/secure.gravatar.com\/avatar\/5c91a09f140b0d404cb9d4501a9b4d38925246938e867db84b2c05302a2efd9e?s=96&d=mm&r=g\",\"caption\":\"Noon\"}}]}<\/script>\n<!-- \/ Yoast SEO plugin. -->","yoast_head_json":{"title":"Obtention de la marque Komo - Edilfibro S.p.a.","robots":{"index":"index","follow":"follow","max-snippet":"max-snippet:-1","max-image-preview":"max-image-preview:large","max-video-preview":"max-video-preview:-1"},"canonical":"https:\/\/www.edilfibro.it\/fr\/obtention-de-la-marque-komo\/","og_locale":"fr_FR","og_type":"article","og_title":"Obtention de la marque Komo - Edilfibro S.p.a.","og_description":"L&#8217;organisme de certification KIWA a r\u00e9cemment attribu\u00e9 \u00e0 Edilfibro Spa la certification de produit KOMO, relative aux plaques en fibres-ciment \u00e9cologiques destin\u00e9es aux produits de couverture du march\u00e9 n\u00e9erlandais. Ce certificat atteste la conformit\u00e9 aux normes de produits BRL 1103 et BRL 5071.","og_url":"https:\/\/www.edilfibro.it\/fr\/obtention-de-la-marque-komo\/","og_site_name":"Edilfibro S.p.a.","article_publisher":"https:\/\/www.facebook.com\/edilfibro","article_published_time":"2020-06-15T15:05:55+00:00","article_modified_time":"2024-10-23T07:48:57+00:00","og_image":[{"width":600,"height":396,"url":"https:\/\/www.edilfibro.it\/wp-content\/uploads\/2024\/03\/KIWA-gecertificeerd.webp","type":"image\/webp"}],"author":"Noon","twitter_card":"summary_large_image","twitter_misc":{"\u00c9crit par":"Noon"},"schema":{"@context":"https:\/\/schema.org","@graph":[{"@type":"Article","@id":"https:\/\/www.edilfibro.it\/fr\/obtention-de-la-marque-komo\/#article","isPartOf":{"@id":"https:\/\/www.edilfibro.it\/fr\/obtention-de-la-marque-komo\/"},"author":{"name":"Noon","@id":"https:\/\/www.edilfibro.it\/fr\/#\/schema\/person\/c492c81e62913d239752913f289be141"},"headline":"Obtention de la marque Komo","datePublished":"2020-06-15T15:05:55+00:00","dateModified":"2024-10-23T07:48:57+00:00","mainEntityOfPage":{"@id":"https:\/\/www.edilfibro.it\/fr\/obtention-de-la-marque-komo\/"},"wordCount":49,"publisher":{"@id":"https:\/\/www.edilfibro.it\/fr\/#organization"},"image":{"@id":"https:\/\/www.edilfibro.it\/fr\/obtention-de-la-marque-komo\/#primaryimage"},"thumbnailUrl":"https:\/\/www.edilfibro.it\/wp-content\/uploads\/2024\/03\/KIWA-gecertificeerd.webp","articleSection":["Nouvelles"],"inLanguage":"fr-FR"},{"@type":"WebPage","@id":"https:\/\/www.edilfibro.it\/fr\/obtention-de-la-marque-komo\/","url":"https:\/\/www.edilfibro.it\/fr\/obtention-de-la-marque-komo\/","name":"Obtention de la marque Komo - Edilfibro S.p.a.","isPartOf":{"@id":"https:\/\/www.edilfibro.it\/fr\/#website"},"primaryImageOfPage":{"@id":"https:\/\/www.edilfibro.it\/fr\/obtention-de-la-marque-komo\/#primaryimage"},"image":{"@id":"https:\/\/www.edilfibro.it\/fr\/obtention-de-la-marque-komo\/#primaryimage"},"thumbnailUrl":"https:\/\/www.edilfibro.it\/wp-content\/uploads\/2024\/03\/KIWA-gecertificeerd.webp","datePublished":"2020-06-15T15:05:55+00:00","dateModified":"2024-10-23T07:48:57+00:00","breadcrumb":{"@id":"https:\/\/www.edilfibro.it\/fr\/obtention-de-la-marque-komo\/#breadcrumb"},"inLanguage":"fr-FR","potentialAction":[{"@type":"ReadAction","target":["https:\/\/www.edilfibro.it\/fr\/obtention-de-la-marque-komo\/"]}]},{"@type":"ImageObject","inLanguage":"fr-FR","@id":"https:\/\/www.edilfibro.it\/fr\/obtention-de-la-marque-komo\/#primaryimage","url":"https:\/\/www.edilfibro.it\/wp-content\/uploads\/2024\/03\/KIWA-gecertificeerd.webp","contentUrl":"https:\/\/www.edilfibro.it\/wp-content\/uploads\/2024\/03\/KIWA-gecertificeerd.webp","width":600,"height":396},{"@type":"BreadcrumbList","@id":"https:\/\/www.edilfibro.it\/fr\/obtention-de-la-marque-komo\/#breadcrumb","itemListElement":[{"@type":"ListItem","position":1,"name":"Home","item":"https:\/\/www.edilfibro.it\/fr\/"},{"@type":"ListItem","position":2,"name":"Obtention de la marque Komo"}]},{"@type":"WebSite","@id":"https:\/\/www.edilfibro.it\/fr\/#website","url":"https:\/\/www.edilfibro.it\/fr\/","name":"Edilfibro S.p.a.","description":"Coperture per tetti, lastre fibrocemento e metallo","publisher":{"@id":"https:\/\/www.edilfibro.it\/fr\/#organization"},"potentialAction":[{"@type":"SearchAction","target":{"@type":"EntryPoint","urlTemplate":"https:\/\/www.edilfibro.it\/fr\/?s={search_term_string}"},"query-input":{"@type":"PropertyValueSpecification","valueRequired":true,"valueName":"search_term_string"}}],"inLanguage":"fr-FR"},{"@type":"Organization","@id":"https:\/\/www.edilfibro.it\/fr\/#organization","name":"Edilfibro S.p.a.","url":"https:\/\/www.edilfibro.it\/fr\/","logo":{"@type":"ImageObject","inLanguage":"fr-FR","@id":"https:\/\/www.edilfibro.it\/fr\/#\/schema\/logo\/image\/","url":"https:\/\/www.edilfibro.it\/wp-content\/uploads\/2024\/09\/Logo-Edilfibro-2024-verde.webp","contentUrl":"https:\/\/www.edilfibro.it\/wp-content\/uploads\/2024\/09\/Logo-Edilfibro-2024-verde.webp","width":270,"height":105,"caption":"Edilfibro S.p.a."},"image":{"@id":"https:\/\/www.edilfibro.it\/fr\/#\/schema\/logo\/image\/"},"sameAs":["https:\/\/www.facebook.com\/edilfibro","https:\/\/www.linkedin.com\/company\/edilfibrospa\/","https:\/\/www.youtube.com\/channel\/UCfz1PuhFpXa0MFkRDzC_Cgw"]},{"@type":"Person","@id":"https:\/\/www.edilfibro.it\/fr\/#\/schema\/person\/c492c81e62913d239752913f289be141","name":"Noon","image":{"@type":"ImageObject","inLanguage":"fr-FR","@id":"https:\/\/www.edilfibro.it\/fr\/#\/schema\/person\/image\/","url":"https:\/\/secure.gravatar.com\/avatar\/5c91a09f140b0d404cb9d4501a9b4d38925246938e867db84b2c05302a2efd9e?s=96&d=mm&r=g","contentUrl":"https:\/\/secure.gravatar.com\/avatar\/5c91a09f140b0d404cb9d4501a9b4d38925246938e867db84b2c05302a2efd9e?s=96&d=mm&r=g","caption":"Noon"}}]}},"_links":{"self":[{"href":"https:\/\/www.edilfibro.it\/fr\/wp-json\/wp\/v2\/posts\/5212","targetHints":{"allow":["GET"]}}],"collection":[{"href":"https:\/\/www.edilfibro.it\/fr\/wp-json\/wp\/v2\/posts"}],"about":[{"href":"https:\/\/www.edilfibro.it\/fr\/wp-json\/wp\/v2\/types\/post"}],"author":[{"embeddable":true,"href":"https:\/\/www.edilfibro.it\/fr\/wp-json\/wp\/v2\/users\/1"}],"replies":[{"embeddable":true,"href":"https:\/\/www.edilfibro.it\/fr\/wp-json\/wp\/v2\/comments?post=5212"}],"version-history":[{"count":1,"href":"https:\/\/www.edilfibro.it\/fr\/wp-json\/wp\/v2\/posts\/5212\/revisions"}],"predecessor-version":[{"id":5214,"href":"https:\/\/www.edilfibro.it\/fr\/wp-json\/wp\/v2\/posts\/5212\/revisions\/5214"}],"wp:featuredmedia":[{"embeddable":true,"href":"https:\/\/www.edilfibro.it\/fr\/wp-json\/wp\/v2\/media\/5213"}],"wp:attachment":[{"href":"https:\/\/www.edilfibro.it\/fr\/wp-json\/wp\/v2\/media?parent=5212"}],"wp:term":[{"taxonomy":"category","embeddable":true,"href":"https:\/\/www.edilfibro.it\/fr\/wp-json\/wp\/v2\/categories?post=5212"},{"taxonomy":"post_tag","embeddable":true,"href":"https:\/\/www.edilfibro.it\/fr\/wp-json\/wp\/v2\/tags?post=5212"}],"curies":[{"name":"wp","href":"https:\/\/api.w.org\/{rel}","templated":true}]}}