{"id":5202,"date":"2019-12-10T12:54:11","date_gmt":"2019-12-10T11:54:11","guid":{"rendered":"https:\/\/edilfibro2.noon.srl\/fieragricola-2020-verona\/"},"modified":"2024-10-23T09:38:11","modified_gmt":"2024-10-23T07:38:11","slug":"fieragricola-2020-verone","status":"publish","type":"post","link":"https:\/\/www.edilfibro.it\/fr\/fieragricola-2020-verone\/","title":{"rendered":"FIERAGRICOLA 2020 \u2013 V\u00e9rone"},"content":{"rendered":"<p>EDILFIBRO SPA participera au salon agricole international FIERAGRICOLA 2020 qui se tiendra \u00e0 V\u00e9rone du 29 janvier au 1er f\u00e9vrier 2020. Nous nous r\u00e9jouissons de vous voir sur notre stand n. B4 \u2013 Pavillon 9.<\/p>\n","protected":false},"excerpt":{"rendered":"<p>EDILFIBRO SPA participera au salon agricole international FIERAGRICOLA 2020 qui se tiendra \u00e0 V\u00e9rone du 29 janvier au 1er f\u00e9vrier 2020. Nous nous r\u00e9jouissons de vous voir sur notre stand n. B4 \u2013 Pavillon 9.<\/p>\n","protected":false},"author":1,"featured_media":5203,"comment_status":"closed","ping_status":"closed","sticky":false,"template":"","format":"standard","meta":{"footnotes":""},"categories":[407],"tags":[],"class_list":["post-5202","post","type-post","status-publish","format-standard","has-post-thumbnail","hentry","category-evenements"],"yoast_head":"<!-- This site is optimized with the Yoast SEO plugin v26.6 - https:\/\/yoast.com\/wordpress\/plugins\/seo\/ -->\n<title>FIERAGRICOLA 2020 \u2013 V\u00e9rone - Edilfibro S.p.a.<\/title>\n<meta name=\"robots\" content=\"index, follow, max-snippet:-1, max-image-preview:large, max-video-preview:-1\" \/>\n<link rel=\"canonical\" href=\"https:\/\/www.edilfibro.it\/fr\/fieragricola-2020-verone\/\" \/>\n<meta property=\"og:locale\" content=\"fr_FR\" \/>\n<meta property=\"og:type\" content=\"article\" \/>\n<meta property=\"og:title\" content=\"FIERAGRICOLA 2020 \u2013 V\u00e9rone - Edilfibro S.p.a.\" \/>\n<meta property=\"og:description\" content=\"EDILFIBRO SPA participera au salon agricole international FIERAGRICOLA 2020 qui se tiendra \u00e0 V\u00e9rone du 29 janvier au 1er f\u00e9vrier 2020. Nous nous r\u00e9jouissons de vous voir sur notre stand n. B4 \u2013 Pavillon 9.\" \/>\n<meta property=\"og:url\" content=\"https:\/\/www.edilfibro.it\/fr\/fieragricola-2020-verone\/\" \/>\n<meta property=\"og:site_name\" content=\"Edilfibro S.p.a.\" \/>\n<meta property=\"article:publisher\" content=\"https:\/\/www.facebook.com\/edilfibro\" \/>\n<meta property=\"article:published_time\" content=\"2019-12-10T11:54:11+00:00\" \/>\n<meta property=\"article:modified_time\" content=\"2024-10-23T07:38:11+00:00\" \/>\n<meta property=\"og:image\" content=\"https:\/\/www.edilfibro.it\/wp-content\/uploads\/2024\/03\/FIERAGRICOLA.webp\" \/>\n\t<meta property=\"og:image:width\" content=\"600\" \/>\n\t<meta property=\"og:image:height\" content=\"396\" \/>\n\t<meta property=\"og:image:type\" content=\"image\/webp\" \/>\n<meta name=\"author\" content=\"Noon\" \/>\n<meta name=\"twitter:card\" content=\"summary_large_image\" \/>\n<meta name=\"twitter:label1\" content=\"\u00c9crit par\" \/>\n\t<meta name=\"twitter:data1\" content=\"Noon\" \/>\n<script type=\"application\/ld+json\" class=\"yoast-schema-graph\">{\"@context\":\"https:\/\/schema.org\",\"@graph\":[{\"@type\":\"Article\",\"@id\":\"https:\/\/www.edilfibro.it\/fr\/fieragricola-2020-verone\/#article\",\"isPartOf\":{\"@id\":\"https:\/\/www.edilfibro.it\/fr\/fieragricola-2020-verone\/\"},\"author\":{\"name\":\"Noon\",\"@id\":\"https:\/\/www.edilfibro.it\/fr\/#\/schema\/person\/c492c81e62913d239752913f289be141\"},\"headline\":\"FIERAGRICOLA 2020 \u2013 V\u00e9rone\",\"datePublished\":\"2019-12-10T11:54:11+00:00\",\"dateModified\":\"2024-10-23T07:38:11+00:00\",\"mainEntityOfPage\":{\"@id\":\"https:\/\/www.edilfibro.it\/fr\/fieragricola-2020-verone\/\"},\"wordCount\":35,\"publisher\":{\"@id\":\"https:\/\/www.edilfibro.it\/fr\/#organization\"},\"image\":{\"@id\":\"https:\/\/www.edilfibro.it\/fr\/fieragricola-2020-verone\/#primaryimage\"},\"thumbnailUrl\":\"https:\/\/www.edilfibro.it\/wp-content\/uploads\/2024\/03\/FIERAGRICOLA.webp\",\"articleSection\":[\"\u00c9v\u00e9nements\"],\"inLanguage\":\"fr-FR\"},{\"@type\":\"WebPage\",\"@id\":\"https:\/\/www.edilfibro.it\/fr\/fieragricola-2020-verone\/\",\"url\":\"https:\/\/www.edilfibro.it\/fr\/fieragricola-2020-verone\/\",\"name\":\"FIERAGRICOLA 2020 \u2013 V\u00e9rone - Edilfibro S.p.a.\",\"isPartOf\":{\"@id\":\"https:\/\/www.edilfibro.it\/fr\/#website\"},\"primaryImageOfPage\":{\"@id\":\"https:\/\/www.edilfibro.it\/fr\/fieragricola-2020-verone\/#primaryimage\"},\"image\":{\"@id\":\"https:\/\/www.edilfibro.it\/fr\/fieragricola-2020-verone\/#primaryimage\"},\"thumbnailUrl\":\"https:\/\/www.edilfibro.it\/wp-content\/uploads\/2024\/03\/FIERAGRICOLA.webp\",\"datePublished\":\"2019-12-10T11:54:11+00:00\",\"dateModified\":\"2024-10-23T07:38:11+00:00\",\"breadcrumb\":{\"@id\":\"https:\/\/www.edilfibro.it\/fr\/fieragricola-2020-verone\/#breadcrumb\"},\"inLanguage\":\"fr-FR\",\"potentialAction\":[{\"@type\":\"ReadAction\",\"target\":[\"https:\/\/www.edilfibro.it\/fr\/fieragricola-2020-verone\/\"]}]},{\"@type\":\"ImageObject\",\"inLanguage\":\"fr-FR\",\"@id\":\"https:\/\/www.edilfibro.it\/fr\/fieragricola-2020-verone\/#primaryimage\",\"url\":\"https:\/\/www.edilfibro.it\/wp-content\/uploads\/2024\/03\/FIERAGRICOLA.webp\",\"contentUrl\":\"https:\/\/www.edilfibro.it\/wp-content\/uploads\/2024\/03\/FIERAGRICOLA.webp\",\"width\":600,\"height\":396},{\"@type\":\"BreadcrumbList\",\"@id\":\"https:\/\/www.edilfibro.it\/fr\/fieragricola-2020-verone\/#breadcrumb\",\"itemListElement\":[{\"@type\":\"ListItem\",\"position\":1,\"name\":\"Home\",\"item\":\"https:\/\/www.edilfibro.it\/fr\/\"},{\"@type\":\"ListItem\",\"position\":2,\"name\":\"FIERAGRICOLA 2020 \u2013 V\u00e9rone\"}]},{\"@type\":\"WebSite\",\"@id\":\"https:\/\/www.edilfibro.it\/fr\/#website\",\"url\":\"https:\/\/www.edilfibro.it\/fr\/\",\"name\":\"Edilfibro S.p.a.\",\"description\":\"Coperture per tetti, lastre fibrocemento e metallo\",\"publisher\":{\"@id\":\"https:\/\/www.edilfibro.it\/fr\/#organization\"},\"potentialAction\":[{\"@type\":\"SearchAction\",\"target\":{\"@type\":\"EntryPoint\",\"urlTemplate\":\"https:\/\/www.edilfibro.it\/fr\/?s={search_term_string}\"},\"query-input\":{\"@type\":\"PropertyValueSpecification\",\"valueRequired\":true,\"valueName\":\"search_term_string\"}}],\"inLanguage\":\"fr-FR\"},{\"@type\":\"Organization\",\"@id\":\"https:\/\/www.edilfibro.it\/fr\/#organization\",\"name\":\"Edilfibro S.p.a.\",\"url\":\"https:\/\/www.edilfibro.it\/fr\/\",\"logo\":{\"@type\":\"ImageObject\",\"inLanguage\":\"fr-FR\",\"@id\":\"https:\/\/www.edilfibro.it\/fr\/#\/schema\/logo\/image\/\",\"url\":\"https:\/\/www.edilfibro.it\/wp-content\/uploads\/2024\/09\/Logo-Edilfibro-2024-verde.webp\",\"contentUrl\":\"https:\/\/www.edilfibro.it\/wp-content\/uploads\/2024\/09\/Logo-Edilfibro-2024-verde.webp\",\"width\":270,\"height\":105,\"caption\":\"Edilfibro S.p.a.\"},\"image\":{\"@id\":\"https:\/\/www.edilfibro.it\/fr\/#\/schema\/logo\/image\/\"},\"sameAs\":[\"https:\/\/www.facebook.com\/edilfibro\",\"https:\/\/www.linkedin.com\/company\/edilfibrospa\/\",\"https:\/\/www.youtube.com\/channel\/UCfz1PuhFpXa0MFkRDzC_Cgw\"]},{\"@type\":\"Person\",\"@id\":\"https:\/\/www.edilfibro.it\/fr\/#\/schema\/person\/c492c81e62913d239752913f289be141\",\"name\":\"Noon\",\"image\":{\"@type\":\"ImageObject\",\"inLanguage\":\"fr-FR\",\"@id\":\"https:\/\/www.edilfibro.it\/fr\/#\/schema\/person\/image\/\",\"url\":\"https:\/\/secure.gravatar.com\/avatar\/5c91a09f140b0d404cb9d4501a9b4d38925246938e867db84b2c05302a2efd9e?s=96&d=mm&r=g\",\"contentUrl\":\"https:\/\/secure.gravatar.com\/avatar\/5c91a09f140b0d404cb9d4501a9b4d38925246938e867db84b2c05302a2efd9e?s=96&d=mm&r=g\",\"caption\":\"Noon\"}}]}<\/script>\n<!-- \/ Yoast SEO plugin. -->","yoast_head_json":{"title":"FIERAGRICOLA 2020 \u2013 V\u00e9rone - Edilfibro S.p.a.","robots":{"index":"index","follow":"follow","max-snippet":"max-snippet:-1","max-image-preview":"max-image-preview:large","max-video-preview":"max-video-preview:-1"},"canonical":"https:\/\/www.edilfibro.it\/fr\/fieragricola-2020-verone\/","og_locale":"fr_FR","og_type":"article","og_title":"FIERAGRICOLA 2020 \u2013 V\u00e9rone - Edilfibro S.p.a.","og_description":"EDILFIBRO SPA participera au salon agricole international FIERAGRICOLA 2020 qui se tiendra \u00e0 V\u00e9rone du 29 janvier au 1er f\u00e9vrier 2020. Nous nous r\u00e9jouissons de vous voir sur notre stand n. B4 \u2013 Pavillon 9.","og_url":"https:\/\/www.edilfibro.it\/fr\/fieragricola-2020-verone\/","og_site_name":"Edilfibro S.p.a.","article_publisher":"https:\/\/www.facebook.com\/edilfibro","article_published_time":"2019-12-10T11:54:11+00:00","article_modified_time":"2024-10-23T07:38:11+00:00","og_image":[{"width":600,"height":396,"url":"https:\/\/www.edilfibro.it\/wp-content\/uploads\/2024\/03\/FIERAGRICOLA.webp","type":"image\/webp"}],"author":"Noon","twitter_card":"summary_large_image","twitter_misc":{"\u00c9crit par":"Noon"},"schema":{"@context":"https:\/\/schema.org","@graph":[{"@type":"Article","@id":"https:\/\/www.edilfibro.it\/fr\/fieragricola-2020-verone\/#article","isPartOf":{"@id":"https:\/\/www.edilfibro.it\/fr\/fieragricola-2020-verone\/"},"author":{"name":"Noon","@id":"https:\/\/www.edilfibro.it\/fr\/#\/schema\/person\/c492c81e62913d239752913f289be141"},"headline":"FIERAGRICOLA 2020 \u2013 V\u00e9rone","datePublished":"2019-12-10T11:54:11+00:00","dateModified":"2024-10-23T07:38:11+00:00","mainEntityOfPage":{"@id":"https:\/\/www.edilfibro.it\/fr\/fieragricola-2020-verone\/"},"wordCount":35,"publisher":{"@id":"https:\/\/www.edilfibro.it\/fr\/#organization"},"image":{"@id":"https:\/\/www.edilfibro.it\/fr\/fieragricola-2020-verone\/#primaryimage"},"thumbnailUrl":"https:\/\/www.edilfibro.it\/wp-content\/uploads\/2024\/03\/FIERAGRICOLA.webp","articleSection":["\u00c9v\u00e9nements"],"inLanguage":"fr-FR"},{"@type":"WebPage","@id":"https:\/\/www.edilfibro.it\/fr\/fieragricola-2020-verone\/","url":"https:\/\/www.edilfibro.it\/fr\/fieragricola-2020-verone\/","name":"FIERAGRICOLA 2020 \u2013 V\u00e9rone - Edilfibro S.p.a.","isPartOf":{"@id":"https:\/\/www.edilfibro.it\/fr\/#website"},"primaryImageOfPage":{"@id":"https:\/\/www.edilfibro.it\/fr\/fieragricola-2020-verone\/#primaryimage"},"image":{"@id":"https:\/\/www.edilfibro.it\/fr\/fieragricola-2020-verone\/#primaryimage"},"thumbnailUrl":"https:\/\/www.edilfibro.it\/wp-content\/uploads\/2024\/03\/FIERAGRICOLA.webp","datePublished":"2019-12-10T11:54:11+00:00","dateModified":"2024-10-23T07:38:11+00:00","breadcrumb":{"@id":"https:\/\/www.edilfibro.it\/fr\/fieragricola-2020-verone\/#breadcrumb"},"inLanguage":"fr-FR","potentialAction":[{"@type":"ReadAction","target":["https:\/\/www.edilfibro.it\/fr\/fieragricola-2020-verone\/"]}]},{"@type":"ImageObject","inLanguage":"fr-FR","@id":"https:\/\/www.edilfibro.it\/fr\/fieragricola-2020-verone\/#primaryimage","url":"https:\/\/www.edilfibro.it\/wp-content\/uploads\/2024\/03\/FIERAGRICOLA.webp","contentUrl":"https:\/\/www.edilfibro.it\/wp-content\/uploads\/2024\/03\/FIERAGRICOLA.webp","width":600,"height":396},{"@type":"BreadcrumbList","@id":"https:\/\/www.edilfibro.it\/fr\/fieragricola-2020-verone\/#breadcrumb","itemListElement":[{"@type":"ListItem","position":1,"name":"Home","item":"https:\/\/www.edilfibro.it\/fr\/"},{"@type":"ListItem","position":2,"name":"FIERAGRICOLA 2020 \u2013 V\u00e9rone"}]},{"@type":"WebSite","@id":"https:\/\/www.edilfibro.it\/fr\/#website","url":"https:\/\/www.edilfibro.it\/fr\/","name":"Edilfibro S.p.a.","description":"Coperture per tetti, lastre fibrocemento e metallo","publisher":{"@id":"https:\/\/www.edilfibro.it\/fr\/#organization"},"potentialAction":[{"@type":"SearchAction","target":{"@type":"EntryPoint","urlTemplate":"https:\/\/www.edilfibro.it\/fr\/?s={search_term_string}"},"query-input":{"@type":"PropertyValueSpecification","valueRequired":true,"valueName":"search_term_string"}}],"inLanguage":"fr-FR"},{"@type":"Organization","@id":"https:\/\/www.edilfibro.it\/fr\/#organization","name":"Edilfibro S.p.a.","url":"https:\/\/www.edilfibro.it\/fr\/","logo":{"@type":"ImageObject","inLanguage":"fr-FR","@id":"https:\/\/www.edilfibro.it\/fr\/#\/schema\/logo\/image\/","url":"https:\/\/www.edilfibro.it\/wp-content\/uploads\/2024\/09\/Logo-Edilfibro-2024-verde.webp","contentUrl":"https:\/\/www.edilfibro.it\/wp-content\/uploads\/2024\/09\/Logo-Edilfibro-2024-verde.webp","width":270,"height":105,"caption":"Edilfibro S.p.a."},"image":{"@id":"https:\/\/www.edilfibro.it\/fr\/#\/schema\/logo\/image\/"},"sameAs":["https:\/\/www.facebook.com\/edilfibro","https:\/\/www.linkedin.com\/company\/edilfibrospa\/","https:\/\/www.youtube.com\/channel\/UCfz1PuhFpXa0MFkRDzC_Cgw"]},{"@type":"Person","@id":"https:\/\/www.edilfibro.it\/fr\/#\/schema\/person\/c492c81e62913d239752913f289be141","name":"Noon","image":{"@type":"ImageObject","inLanguage":"fr-FR","@id":"https:\/\/www.edilfibro.it\/fr\/#\/schema\/person\/image\/","url":"https:\/\/secure.gravatar.com\/avatar\/5c91a09f140b0d404cb9d4501a9b4d38925246938e867db84b2c05302a2efd9e?s=96&d=mm&r=g","contentUrl":"https:\/\/secure.gravatar.com\/avatar\/5c91a09f140b0d404cb9d4501a9b4d38925246938e867db84b2c05302a2efd9e?s=96&d=mm&r=g","caption":"Noon"}}]}},"_links":{"self":[{"href":"https:\/\/www.edilfibro.it\/fr\/wp-json\/wp\/v2\/posts\/5202","targetHints":{"allow":["GET"]}}],"collection":[{"href":"https:\/\/www.edilfibro.it\/fr\/wp-json\/wp\/v2\/posts"}],"about":[{"href":"https:\/\/www.edilfibro.it\/fr\/wp-json\/wp\/v2\/types\/post"}],"author":[{"embeddable":true,"href":"https:\/\/www.edilfibro.it\/fr\/wp-json\/wp\/v2\/users\/1"}],"replies":[{"embeddable":true,"href":"https:\/\/www.edilfibro.it\/fr\/wp-json\/wp\/v2\/comments?post=5202"}],"version-history":[{"count":2,"href":"https:\/\/www.edilfibro.it\/fr\/wp-json\/wp\/v2\/posts\/5202\/revisions"}],"predecessor-version":[{"id":5209,"href":"https:\/\/www.edilfibro.it\/fr\/wp-json\/wp\/v2\/posts\/5202\/revisions\/5209"}],"wp:featuredmedia":[{"embeddable":true,"href":"https:\/\/www.edilfibro.it\/fr\/wp-json\/wp\/v2\/media\/5203"}],"wp:attachment":[{"href":"https:\/\/www.edilfibro.it\/fr\/wp-json\/wp\/v2\/media?parent=5202"}],"wp:term":[{"taxonomy":"category","embeddable":true,"href":"https:\/\/www.edilfibro.it\/fr\/wp-json\/wp\/v2\/categories?post=5202"},{"taxonomy":"post_tag","embeddable":true,"href":"https:\/\/www.edilfibro.it\/fr\/wp-json\/wp\/v2\/tags?post=5202"}],"curies":[{"name":"wp","href":"https:\/\/api.w.org\/{rel}","templated":true}]}}