{"id":6566,"date":"2024-05-20T15:40:54","date_gmt":"2024-05-20T13:40:54","guid":{"rendered":"https:\/\/www.edilfibro.it\/sales-meeting-2024\/"},"modified":"2024-12-05T15:44:47","modified_gmt":"2024-12-05T14:44:47","slug":"sales-meeting-2024","status":"publish","type":"post","link":"https:\/\/www.edilfibro.it\/es\/sales-meeting-2024\/","title":{"rendered":"SALES MEETING 2024"},"content":{"rendered":"<p>La Reuni\u00f3n de Ventas 2024 de Edilfibro acaba de concluir.<\/p>\n<p>Nos complace anunciar que nuestra Reuni\u00f3n de Ventas 2024 acaba de concluir con gran \u00e9xito. Ha sido realmente inspirador reunirnos en persona y tener la oportunidad de compartir ideas, estrategias y objetivos para el futuro.<\/p>\n<p>Durante el evento, presentamos nuestra nueva gama de productos:<\/p>\n<ul>\n<li>Plakflat: placas planas de fibrocemento que sustituyen a las placas de yeso y a cualquier otro material utilizado para la construcci\u00f3n \u00aben seco\u00bb.<\/li>\n<li>Plakflat Colorplus: placas planas de fibrocemento para revestimiento de fachadas.<\/li>\n<li>Plakdeck: placas planas de fibrocemento efecto madera para revestimientos interiores y exteriores.<\/li>\n<\/ul>\n<p>Como siempre, queremos agradecer especialmente a todo el equipo su compromiso y dedicaci\u00f3n. Esto es crucial para el \u00e9xito de nuestro equipo.<\/p>\n<p>Tambi\u00e9n nos gustar\u00eda dar las gracias al arquitecto Paolo Valera, Director General de AdermaLocatelli, cuya intervenci\u00f3n aport\u00f3 un valor a\u00f1adido al evento.<\/p>\n","protected":false},"excerpt":{"rendered":"<p>La Reuni\u00f3n de Ventas 2024 de Edilfibro acaba de concluir. Nos complace anunciar que nuestra Reuni\u00f3n de Ventas 2024 acaba de concluir con gran \u00e9xito. Ha sido realmente inspirador reunirnos en persona y tener la oportunidad de compartir ideas, estrategias y objetivos para el futuro. Durante el evento, presentamos nuestra nueva gama de productos: Plakflat:&#8230;<\/p>\n","protected":false},"author":5,"featured_media":6562,"comment_status":"closed","ping_status":"closed","sticky":false,"template":"","format":"standard","meta":{"footnotes":""},"categories":[284],"tags":[],"class_list":["post-6566","post","type-post","status-publish","format-standard","has-post-thumbnail","hentry","category-eventi-es"],"yoast_head":"<!-- This site is optimized with the Yoast SEO plugin v26.6 - https:\/\/yoast.com\/wordpress\/plugins\/seo\/ -->\n<title>SALES MEETING 2024 - Edilfibro S.p.a.<\/title>\n<meta name=\"robots\" content=\"index, follow, max-snippet:-1, max-image-preview:large, max-video-preview:-1\" \/>\n<link rel=\"canonical\" href=\"https:\/\/www.edilfibro.it\/es\/sales-meeting-2024\/\" \/>\n<meta property=\"og:locale\" content=\"es_ES\" \/>\n<meta property=\"og:type\" content=\"article\" \/>\n<meta property=\"og:title\" content=\"SALES MEETING 2024 - Edilfibro S.p.a.\" \/>\n<meta property=\"og:description\" content=\"La Reuni\u00f3n de Ventas 2024 de Edilfibro acaba de concluir. Nos complace anunciar que nuestra Reuni\u00f3n de Ventas 2024 acaba de concluir con gran \u00e9xito. Ha sido realmente inspirador reunirnos en persona y tener la oportunidad de compartir ideas, estrategias y objetivos para el futuro. Durante el evento, presentamos nuestra nueva gama de productos: Plakflat:...\" \/>\n<meta property=\"og:url\" content=\"https:\/\/www.edilfibro.it\/es\/sales-meeting-2024\/\" \/>\n<meta property=\"og:site_name\" content=\"Edilfibro S.p.a.\" \/>\n<meta property=\"article:publisher\" content=\"https:\/\/www.facebook.com\/edilfibro\" \/>\n<meta property=\"article:published_time\" content=\"2024-05-20T13:40:54+00:00\" \/>\n<meta property=\"article:modified_time\" content=\"2024-12-05T14:44:47+00:00\" \/>\n<meta property=\"og:image\" content=\"https:\/\/www.edilfibro.it\/wp-content\/uploads\/2024\/12\/COPERTINA-NEWS-SITO-scaled.jpg\" \/>\n\t<meta property=\"og:image:width\" content=\"2560\" \/>\n\t<meta property=\"og:image:height\" content=\"1920\" \/>\n\t<meta property=\"og:image:type\" content=\"image\/jpeg\" \/>\n<meta name=\"author\" content=\"Fabiola\" \/>\n<meta name=\"twitter:card\" content=\"summary_large_image\" \/>\n<meta name=\"twitter:label1\" content=\"Escrito por\" \/>\n\t<meta name=\"twitter:data1\" content=\"Fabiola\" \/>\n\t<meta name=\"twitter:label2\" content=\"Tiempo de lectura\" \/>\n\t<meta name=\"twitter:data2\" content=\"1 minuto\" \/>\n<script type=\"application\/ld+json\" class=\"yoast-schema-graph\">{\"@context\":\"https:\/\/schema.org\",\"@graph\":[{\"@type\":\"Article\",\"@id\":\"https:\/\/www.edilfibro.it\/es\/sales-meeting-2024\/#article\",\"isPartOf\":{\"@id\":\"https:\/\/www.edilfibro.it\/es\/sales-meeting-2024\/\"},\"author\":{\"name\":\"Fabiola\",\"@id\":\"https:\/\/www.edilfibro.it\/es\/#\/schema\/person\/c82cc4a36583d53b46719a8930692f17\"},\"headline\":\"SALES MEETING 2024\",\"datePublished\":\"2024-05-20T13:40:54+00:00\",\"dateModified\":\"2024-12-05T14:44:47+00:00\",\"mainEntityOfPage\":{\"@id\":\"https:\/\/www.edilfibro.it\/es\/sales-meeting-2024\/\"},\"wordCount\":151,\"publisher\":{\"@id\":\"https:\/\/www.edilfibro.it\/es\/#organization\"},\"image\":{\"@id\":\"https:\/\/www.edilfibro.it\/es\/sales-meeting-2024\/#primaryimage\"},\"thumbnailUrl\":\"https:\/\/www.edilfibro.it\/wp-content\/uploads\/2024\/12\/COPERTINA-NEWS-SITO-scaled.jpg\",\"articleSection\":[\"Eventos\"],\"inLanguage\":\"es\"},{\"@type\":\"WebPage\",\"@id\":\"https:\/\/www.edilfibro.it\/es\/sales-meeting-2024\/\",\"url\":\"https:\/\/www.edilfibro.it\/es\/sales-meeting-2024\/\",\"name\":\"SALES MEETING 2024 - Edilfibro S.p.a.\",\"isPartOf\":{\"@id\":\"https:\/\/www.edilfibro.it\/es\/#website\"},\"primaryImageOfPage\":{\"@id\":\"https:\/\/www.edilfibro.it\/es\/sales-meeting-2024\/#primaryimage\"},\"image\":{\"@id\":\"https:\/\/www.edilfibro.it\/es\/sales-meeting-2024\/#primaryimage\"},\"thumbnailUrl\":\"https:\/\/www.edilfibro.it\/wp-content\/uploads\/2024\/12\/COPERTINA-NEWS-SITO-scaled.jpg\",\"datePublished\":\"2024-05-20T13:40:54+00:00\",\"dateModified\":\"2024-12-05T14:44:47+00:00\",\"breadcrumb\":{\"@id\":\"https:\/\/www.edilfibro.it\/es\/sales-meeting-2024\/#breadcrumb\"},\"inLanguage\":\"es\",\"potentialAction\":[{\"@type\":\"ReadAction\",\"target\":[\"https:\/\/www.edilfibro.it\/es\/sales-meeting-2024\/\"]}]},{\"@type\":\"ImageObject\",\"inLanguage\":\"es\",\"@id\":\"https:\/\/www.edilfibro.it\/es\/sales-meeting-2024\/#primaryimage\",\"url\":\"https:\/\/www.edilfibro.it\/wp-content\/uploads\/2024\/12\/COPERTINA-NEWS-SITO-scaled.jpg\",\"contentUrl\":\"https:\/\/www.edilfibro.it\/wp-content\/uploads\/2024\/12\/COPERTINA-NEWS-SITO-scaled.jpg\",\"width\":2560,\"height\":1920},{\"@type\":\"BreadcrumbList\",\"@id\":\"https:\/\/www.edilfibro.it\/es\/sales-meeting-2024\/#breadcrumb\",\"itemListElement\":[{\"@type\":\"ListItem\",\"position\":1,\"name\":\"Home\",\"item\":\"https:\/\/www.edilfibro.it\/es\/\"},{\"@type\":\"ListItem\",\"position\":2,\"name\":\"SALES MEETING 2024\"}]},{\"@type\":\"WebSite\",\"@id\":\"https:\/\/www.edilfibro.it\/es\/#website\",\"url\":\"https:\/\/www.edilfibro.it\/es\/\",\"name\":\"Edilfibro S.p.a.\",\"description\":\"Coperture per tetti, lastre fibrocemento e metallo\",\"publisher\":{\"@id\":\"https:\/\/www.edilfibro.it\/es\/#organization\"},\"potentialAction\":[{\"@type\":\"SearchAction\",\"target\":{\"@type\":\"EntryPoint\",\"urlTemplate\":\"https:\/\/www.edilfibro.it\/es\/?s={search_term_string}\"},\"query-input\":{\"@type\":\"PropertyValueSpecification\",\"valueRequired\":true,\"valueName\":\"search_term_string\"}}],\"inLanguage\":\"es\"},{\"@type\":\"Organization\",\"@id\":\"https:\/\/www.edilfibro.it\/es\/#organization\",\"name\":\"Edilfibro S.p.a.\",\"url\":\"https:\/\/www.edilfibro.it\/es\/\",\"logo\":{\"@type\":\"ImageObject\",\"inLanguage\":\"es\",\"@id\":\"https:\/\/www.edilfibro.it\/es\/#\/schema\/logo\/image\/\",\"url\":\"https:\/\/www.edilfibro.it\/wp-content\/uploads\/2024\/09\/Logo-Edilfibro-2024-verde.webp\",\"contentUrl\":\"https:\/\/www.edilfibro.it\/wp-content\/uploads\/2024\/09\/Logo-Edilfibro-2024-verde.webp\",\"width\":270,\"height\":105,\"caption\":\"Edilfibro S.p.a.\"},\"image\":{\"@id\":\"https:\/\/www.edilfibro.it\/es\/#\/schema\/logo\/image\/\"},\"sameAs\":[\"https:\/\/www.facebook.com\/edilfibro\",\"https:\/\/www.linkedin.com\/company\/edilfibrospa\/\",\"https:\/\/www.youtube.com\/channel\/UCfz1PuhFpXa0MFkRDzC_Cgw\"]},{\"@type\":\"Person\",\"@id\":\"https:\/\/www.edilfibro.it\/es\/#\/schema\/person\/c82cc4a36583d53b46719a8930692f17\",\"name\":\"Fabiola\",\"image\":{\"@type\":\"ImageObject\",\"inLanguage\":\"es\",\"@id\":\"https:\/\/www.edilfibro.it\/es\/#\/schema\/person\/image\/\",\"url\":\"https:\/\/secure.gravatar.com\/avatar\/77453da865a85cbc8a7f1e65ba6cbad598233f8cf708201d73a9b9c0a5065e2b?s=96&d=mm&r=g\",\"contentUrl\":\"https:\/\/secure.gravatar.com\/avatar\/77453da865a85cbc8a7f1e65ba6cbad598233f8cf708201d73a9b9c0a5065e2b?s=96&d=mm&r=g\",\"caption\":\"Fabiola\"}}]}<\/script>\n<!-- \/ Yoast SEO plugin. -->","yoast_head_json":{"title":"SALES MEETING 2024 - Edilfibro S.p.a.","robots":{"index":"index","follow":"follow","max-snippet":"max-snippet:-1","max-image-preview":"max-image-preview:large","max-video-preview":"max-video-preview:-1"},"canonical":"https:\/\/www.edilfibro.it\/es\/sales-meeting-2024\/","og_locale":"es_ES","og_type":"article","og_title":"SALES MEETING 2024 - Edilfibro S.p.a.","og_description":"La Reuni\u00f3n de Ventas 2024 de Edilfibro acaba de concluir. Nos complace anunciar que nuestra Reuni\u00f3n de Ventas 2024 acaba de concluir con gran \u00e9xito. Ha sido realmente inspirador reunirnos en persona y tener la oportunidad de compartir ideas, estrategias y objetivos para el futuro. Durante el evento, presentamos nuestra nueva gama de productos: Plakflat:...","og_url":"https:\/\/www.edilfibro.it\/es\/sales-meeting-2024\/","og_site_name":"Edilfibro S.p.a.","article_publisher":"https:\/\/www.facebook.com\/edilfibro","article_published_time":"2024-05-20T13:40:54+00:00","article_modified_time":"2024-12-05T14:44:47+00:00","og_image":[{"width":2560,"height":1920,"url":"https:\/\/www.edilfibro.it\/wp-content\/uploads\/2024\/12\/COPERTINA-NEWS-SITO-scaled.jpg","type":"image\/jpeg"}],"author":"Fabiola","twitter_card":"summary_large_image","twitter_misc":{"Escrito por":"Fabiola","Tiempo de lectura":"1 minuto"},"schema":{"@context":"https:\/\/schema.org","@graph":[{"@type":"Article","@id":"https:\/\/www.edilfibro.it\/es\/sales-meeting-2024\/#article","isPartOf":{"@id":"https:\/\/www.edilfibro.it\/es\/sales-meeting-2024\/"},"author":{"name":"Fabiola","@id":"https:\/\/www.edilfibro.it\/es\/#\/schema\/person\/c82cc4a36583d53b46719a8930692f17"},"headline":"SALES MEETING 2024","datePublished":"2024-05-20T13:40:54+00:00","dateModified":"2024-12-05T14:44:47+00:00","mainEntityOfPage":{"@id":"https:\/\/www.edilfibro.it\/es\/sales-meeting-2024\/"},"wordCount":151,"publisher":{"@id":"https:\/\/www.edilfibro.it\/es\/#organization"},"image":{"@id":"https:\/\/www.edilfibro.it\/es\/sales-meeting-2024\/#primaryimage"},"thumbnailUrl":"https:\/\/www.edilfibro.it\/wp-content\/uploads\/2024\/12\/COPERTINA-NEWS-SITO-scaled.jpg","articleSection":["Eventos"],"inLanguage":"es"},{"@type":"WebPage","@id":"https:\/\/www.edilfibro.it\/es\/sales-meeting-2024\/","url":"https:\/\/www.edilfibro.it\/es\/sales-meeting-2024\/","name":"SALES MEETING 2024 - Edilfibro S.p.a.","isPartOf":{"@id":"https:\/\/www.edilfibro.it\/es\/#website"},"primaryImageOfPage":{"@id":"https:\/\/www.edilfibro.it\/es\/sales-meeting-2024\/#primaryimage"},"image":{"@id":"https:\/\/www.edilfibro.it\/es\/sales-meeting-2024\/#primaryimage"},"thumbnailUrl":"https:\/\/www.edilfibro.it\/wp-content\/uploads\/2024\/12\/COPERTINA-NEWS-SITO-scaled.jpg","datePublished":"2024-05-20T13:40:54+00:00","dateModified":"2024-12-05T14:44:47+00:00","breadcrumb":{"@id":"https:\/\/www.edilfibro.it\/es\/sales-meeting-2024\/#breadcrumb"},"inLanguage":"es","potentialAction":[{"@type":"ReadAction","target":["https:\/\/www.edilfibro.it\/es\/sales-meeting-2024\/"]}]},{"@type":"ImageObject","inLanguage":"es","@id":"https:\/\/www.edilfibro.it\/es\/sales-meeting-2024\/#primaryimage","url":"https:\/\/www.edilfibro.it\/wp-content\/uploads\/2024\/12\/COPERTINA-NEWS-SITO-scaled.jpg","contentUrl":"https:\/\/www.edilfibro.it\/wp-content\/uploads\/2024\/12\/COPERTINA-NEWS-SITO-scaled.jpg","width":2560,"height":1920},{"@type":"BreadcrumbList","@id":"https:\/\/www.edilfibro.it\/es\/sales-meeting-2024\/#breadcrumb","itemListElement":[{"@type":"ListItem","position":1,"name":"Home","item":"https:\/\/www.edilfibro.it\/es\/"},{"@type":"ListItem","position":2,"name":"SALES MEETING 2024"}]},{"@type":"WebSite","@id":"https:\/\/www.edilfibro.it\/es\/#website","url":"https:\/\/www.edilfibro.it\/es\/","name":"Edilfibro S.p.a.","description":"Coperture per tetti, lastre fibrocemento e metallo","publisher":{"@id":"https:\/\/www.edilfibro.it\/es\/#organization"},"potentialAction":[{"@type":"SearchAction","target":{"@type":"EntryPoint","urlTemplate":"https:\/\/www.edilfibro.it\/es\/?s={search_term_string}"},"query-input":{"@type":"PropertyValueSpecification","valueRequired":true,"valueName":"search_term_string"}}],"inLanguage":"es"},{"@type":"Organization","@id":"https:\/\/www.edilfibro.it\/es\/#organization","name":"Edilfibro S.p.a.","url":"https:\/\/www.edilfibro.it\/es\/","logo":{"@type":"ImageObject","inLanguage":"es","@id":"https:\/\/www.edilfibro.it\/es\/#\/schema\/logo\/image\/","url":"https:\/\/www.edilfibro.it\/wp-content\/uploads\/2024\/09\/Logo-Edilfibro-2024-verde.webp","contentUrl":"https:\/\/www.edilfibro.it\/wp-content\/uploads\/2024\/09\/Logo-Edilfibro-2024-verde.webp","width":270,"height":105,"caption":"Edilfibro S.p.a."},"image":{"@id":"https:\/\/www.edilfibro.it\/es\/#\/schema\/logo\/image\/"},"sameAs":["https:\/\/www.facebook.com\/edilfibro","https:\/\/www.linkedin.com\/company\/edilfibrospa\/","https:\/\/www.youtube.com\/channel\/UCfz1PuhFpXa0MFkRDzC_Cgw"]},{"@type":"Person","@id":"https:\/\/www.edilfibro.it\/es\/#\/schema\/person\/c82cc4a36583d53b46719a8930692f17","name":"Fabiola","image":{"@type":"ImageObject","inLanguage":"es","@id":"https:\/\/www.edilfibro.it\/es\/#\/schema\/person\/image\/","url":"https:\/\/secure.gravatar.com\/avatar\/77453da865a85cbc8a7f1e65ba6cbad598233f8cf708201d73a9b9c0a5065e2b?s=96&d=mm&r=g","contentUrl":"https:\/\/secure.gravatar.com\/avatar\/77453da865a85cbc8a7f1e65ba6cbad598233f8cf708201d73a9b9c0a5065e2b?s=96&d=mm&r=g","caption":"Fabiola"}}]}},"_links":{"self":[{"href":"https:\/\/www.edilfibro.it\/es\/wp-json\/wp\/v2\/posts\/6566","targetHints":{"allow":["GET"]}}],"collection":[{"href":"https:\/\/www.edilfibro.it\/es\/wp-json\/wp\/v2\/posts"}],"about":[{"href":"https:\/\/www.edilfibro.it\/es\/wp-json\/wp\/v2\/types\/post"}],"author":[{"embeddable":true,"href":"https:\/\/www.edilfibro.it\/es\/wp-json\/wp\/v2\/users\/5"}],"replies":[{"embeddable":true,"href":"https:\/\/www.edilfibro.it\/es\/wp-json\/wp\/v2\/comments?post=6566"}],"version-history":[{"count":1,"href":"https:\/\/www.edilfibro.it\/es\/wp-json\/wp\/v2\/posts\/6566\/revisions"}],"predecessor-version":[{"id":6570,"href":"https:\/\/www.edilfibro.it\/es\/wp-json\/wp\/v2\/posts\/6566\/revisions\/6570"}],"wp:featuredmedia":[{"embeddable":true,"href":"https:\/\/www.edilfibro.it\/es\/wp-json\/wp\/v2\/media\/6562"}],"wp:attachment":[{"href":"https:\/\/www.edilfibro.it\/es\/wp-json\/wp\/v2\/media?parent=6566"}],"wp:term":[{"taxonomy":"category","embeddable":true,"href":"https:\/\/www.edilfibro.it\/es\/wp-json\/wp\/v2\/categories?post=6566"},{"taxonomy":"post_tag","embeddable":true,"href":"https:\/\/www.edilfibro.it\/es\/wp-json\/wp\/v2\/tags?post=6566"}],"curies":[{"name":"wp","href":"https:\/\/api.w.org\/{rel}","templated":true}]}}