{"id":4483,"date":"2019-12-10T12:54:11","date_gmt":"2019-12-10T11:54:11","guid":{"rendered":"https:\/\/edilfibro2.noon.srl\/fieragricola-2020-verona\/"},"modified":"2024-10-04T10:11:01","modified_gmt":"2024-10-04T08:11:01","slug":"fieragricola-2020-verona","status":"publish","type":"post","link":"https:\/\/www.edilfibro.it\/es\/fieragricola-2020-verona\/","title":{"rendered":"FIERAGRICOLA 2020 \u2013 Verona"},"content":{"rendered":"<p>EDILFIBRO SPA participar\u00e1 en la feria agr\u00edcola internacional FIERAGRICOLA 2020 que se celebrar\u00e1 en Verona del 29 de enero al 1 de febrero de 2020. Esperamos verle en nuestro Stand n. B4 \u2013 Pabell\u00f3n 9..<\/p>\n","protected":false},"excerpt":{"rendered":"<p>EDILFIBRO SPA participar\u00e1 en la feria agr\u00edcola internacional FIERAGRICOLA 2020 que se celebrar\u00e1 en Verona del 29 de enero al 1 de febrero de 2020. Esperamos verle en nuestro Stand n. B4 \u2013 Pabell\u00f3n 9..<\/p>\n","protected":false},"author":1,"featured_media":2132,"comment_status":"closed","ping_status":"closed","sticky":false,"template":"","format":"standard","meta":{"footnotes":""},"categories":[284],"tags":[],"class_list":["post-4483","post","type-post","status-publish","format-standard","has-post-thumbnail","hentry","category-eventi-es"],"yoast_head":"<!-- This site is optimized with the Yoast SEO plugin v26.6 - https:\/\/yoast.com\/wordpress\/plugins\/seo\/ -->\n<title>FIERAGRICOLA 2020 \u2013 Verona - Edilfibro S.p.a.<\/title>\n<meta name=\"robots\" content=\"index, follow, max-snippet:-1, max-image-preview:large, max-video-preview:-1\" \/>\n<link rel=\"canonical\" href=\"https:\/\/www.edilfibro.it\/es\/fieragricola-2020-verona\/\" \/>\n<meta property=\"og:locale\" content=\"es_ES\" \/>\n<meta property=\"og:type\" content=\"article\" \/>\n<meta property=\"og:title\" content=\"FIERAGRICOLA 2020 \u2013 Verona - Edilfibro S.p.a.\" \/>\n<meta property=\"og:description\" content=\"EDILFIBRO SPA participar\u00e1 en la feria agr\u00edcola internacional FIERAGRICOLA 2020 que se celebrar\u00e1 en Verona del 29 de enero al 1 de febrero de 2020. Esperamos verle en nuestro Stand n. B4 \u2013 Pabell\u00f3n 9..\" \/>\n<meta property=\"og:url\" content=\"https:\/\/www.edilfibro.it\/es\/fieragricola-2020-verona\/\" \/>\n<meta property=\"og:site_name\" content=\"Edilfibro S.p.a.\" \/>\n<meta property=\"article:publisher\" content=\"https:\/\/www.facebook.com\/edilfibro\" \/>\n<meta property=\"article:published_time\" content=\"2019-12-10T11:54:11+00:00\" \/>\n<meta property=\"article:modified_time\" content=\"2024-10-04T08:11:01+00:00\" \/>\n<meta property=\"og:image\" content=\"https:\/\/www.edilfibro.it\/wp-content\/uploads\/2024\/03\/FIERAGRICOLA.webp\" \/>\n\t<meta property=\"og:image:width\" content=\"600\" \/>\n\t<meta property=\"og:image:height\" content=\"396\" \/>\n\t<meta property=\"og:image:type\" content=\"image\/webp\" \/>\n<meta name=\"author\" content=\"Noon\" \/>\n<meta name=\"twitter:card\" content=\"summary_large_image\" \/>\n<meta name=\"twitter:label1\" content=\"Escrito por\" \/>\n\t<meta name=\"twitter:data1\" content=\"Noon\" \/>\n<script type=\"application\/ld+json\" class=\"yoast-schema-graph\">{\"@context\":\"https:\/\/schema.org\",\"@graph\":[{\"@type\":\"Article\",\"@id\":\"https:\/\/www.edilfibro.it\/es\/fieragricola-2020-verona\/#article\",\"isPartOf\":{\"@id\":\"https:\/\/www.edilfibro.it\/es\/fieragricola-2020-verona\/\"},\"author\":{\"name\":\"Noon\",\"@id\":\"https:\/\/www.edilfibro.it\/es\/#\/schema\/person\/c492c81e62913d239752913f289be141\"},\"headline\":\"FIERAGRICOLA 2020 \u2013 Verona\",\"datePublished\":\"2019-12-10T11:54:11+00:00\",\"dateModified\":\"2024-10-04T08:11:01+00:00\",\"mainEntityOfPage\":{\"@id\":\"https:\/\/www.edilfibro.it\/es\/fieragricola-2020-verona\/\"},\"wordCount\":33,\"publisher\":{\"@id\":\"https:\/\/www.edilfibro.it\/es\/#organization\"},\"image\":{\"@id\":\"https:\/\/www.edilfibro.it\/es\/fieragricola-2020-verona\/#primaryimage\"},\"thumbnailUrl\":\"https:\/\/www.edilfibro.it\/wp-content\/uploads\/2024\/03\/FIERAGRICOLA.webp\",\"articleSection\":[\"Eventos\"],\"inLanguage\":\"es\"},{\"@type\":\"WebPage\",\"@id\":\"https:\/\/www.edilfibro.it\/es\/fieragricola-2020-verona\/\",\"url\":\"https:\/\/www.edilfibro.it\/es\/fieragricola-2020-verona\/\",\"name\":\"FIERAGRICOLA 2020 \u2013 Verona - Edilfibro S.p.a.\",\"isPartOf\":{\"@id\":\"https:\/\/www.edilfibro.it\/es\/#website\"},\"primaryImageOfPage\":{\"@id\":\"https:\/\/www.edilfibro.it\/es\/fieragricola-2020-verona\/#primaryimage\"},\"image\":{\"@id\":\"https:\/\/www.edilfibro.it\/es\/fieragricola-2020-verona\/#primaryimage\"},\"thumbnailUrl\":\"https:\/\/www.edilfibro.it\/wp-content\/uploads\/2024\/03\/FIERAGRICOLA.webp\",\"datePublished\":\"2019-12-10T11:54:11+00:00\",\"dateModified\":\"2024-10-04T08:11:01+00:00\",\"breadcrumb\":{\"@id\":\"https:\/\/www.edilfibro.it\/es\/fieragricola-2020-verona\/#breadcrumb\"},\"inLanguage\":\"es\",\"potentialAction\":[{\"@type\":\"ReadAction\",\"target\":[\"https:\/\/www.edilfibro.it\/es\/fieragricola-2020-verona\/\"]}]},{\"@type\":\"ImageObject\",\"inLanguage\":\"es\",\"@id\":\"https:\/\/www.edilfibro.it\/es\/fieragricola-2020-verona\/#primaryimage\",\"url\":\"https:\/\/www.edilfibro.it\/wp-content\/uploads\/2024\/03\/FIERAGRICOLA.webp\",\"contentUrl\":\"https:\/\/www.edilfibro.it\/wp-content\/uploads\/2024\/03\/FIERAGRICOLA.webp\",\"width\":600,\"height\":396},{\"@type\":\"BreadcrumbList\",\"@id\":\"https:\/\/www.edilfibro.it\/es\/fieragricola-2020-verona\/#breadcrumb\",\"itemListElement\":[{\"@type\":\"ListItem\",\"position\":1,\"name\":\"Home\",\"item\":\"https:\/\/www.edilfibro.it\/es\/\"},{\"@type\":\"ListItem\",\"position\":2,\"name\":\"FIERAGRICOLA 2020 \u2013 Verona\"}]},{\"@type\":\"WebSite\",\"@id\":\"https:\/\/www.edilfibro.it\/es\/#website\",\"url\":\"https:\/\/www.edilfibro.it\/es\/\",\"name\":\"Edilfibro S.p.a.\",\"description\":\"Coperture per tetti, lastre fibrocemento e metallo\",\"publisher\":{\"@id\":\"https:\/\/www.edilfibro.it\/es\/#organization\"},\"potentialAction\":[{\"@type\":\"SearchAction\",\"target\":{\"@type\":\"EntryPoint\",\"urlTemplate\":\"https:\/\/www.edilfibro.it\/es\/?s={search_term_string}\"},\"query-input\":{\"@type\":\"PropertyValueSpecification\",\"valueRequired\":true,\"valueName\":\"search_term_string\"}}],\"inLanguage\":\"es\"},{\"@type\":\"Organization\",\"@id\":\"https:\/\/www.edilfibro.it\/es\/#organization\",\"name\":\"Edilfibro S.p.a.\",\"url\":\"https:\/\/www.edilfibro.it\/es\/\",\"logo\":{\"@type\":\"ImageObject\",\"inLanguage\":\"es\",\"@id\":\"https:\/\/www.edilfibro.it\/es\/#\/schema\/logo\/image\/\",\"url\":\"https:\/\/www.edilfibro.it\/wp-content\/uploads\/2024\/09\/Logo-Edilfibro-2024-verde.webp\",\"contentUrl\":\"https:\/\/www.edilfibro.it\/wp-content\/uploads\/2024\/09\/Logo-Edilfibro-2024-verde.webp\",\"width\":270,\"height\":105,\"caption\":\"Edilfibro S.p.a.\"},\"image\":{\"@id\":\"https:\/\/www.edilfibro.it\/es\/#\/schema\/logo\/image\/\"},\"sameAs\":[\"https:\/\/www.facebook.com\/edilfibro\",\"https:\/\/www.linkedin.com\/company\/edilfibrospa\/\",\"https:\/\/www.youtube.com\/channel\/UCfz1PuhFpXa0MFkRDzC_Cgw\"]},{\"@type\":\"Person\",\"@id\":\"https:\/\/www.edilfibro.it\/es\/#\/schema\/person\/c492c81e62913d239752913f289be141\",\"name\":\"Noon\",\"image\":{\"@type\":\"ImageObject\",\"inLanguage\":\"es\",\"@id\":\"https:\/\/www.edilfibro.it\/es\/#\/schema\/person\/image\/\",\"url\":\"https:\/\/secure.gravatar.com\/avatar\/5c91a09f140b0d404cb9d4501a9b4d38925246938e867db84b2c05302a2efd9e?s=96&d=mm&r=g\",\"contentUrl\":\"https:\/\/secure.gravatar.com\/avatar\/5c91a09f140b0d404cb9d4501a9b4d38925246938e867db84b2c05302a2efd9e?s=96&d=mm&r=g\",\"caption\":\"Noon\"}}]}<\/script>\n<!-- \/ Yoast SEO plugin. -->","yoast_head_json":{"title":"FIERAGRICOLA 2020 \u2013 Verona - Edilfibro S.p.a.","robots":{"index":"index","follow":"follow","max-snippet":"max-snippet:-1","max-image-preview":"max-image-preview:large","max-video-preview":"max-video-preview:-1"},"canonical":"https:\/\/www.edilfibro.it\/es\/fieragricola-2020-verona\/","og_locale":"es_ES","og_type":"article","og_title":"FIERAGRICOLA 2020 \u2013 Verona - Edilfibro S.p.a.","og_description":"EDILFIBRO SPA participar\u00e1 en la feria agr\u00edcola internacional FIERAGRICOLA 2020 que se celebrar\u00e1 en Verona del 29 de enero al 1 de febrero de 2020. Esperamos verle en nuestro Stand n. B4 \u2013 Pabell\u00f3n 9..","og_url":"https:\/\/www.edilfibro.it\/es\/fieragricola-2020-verona\/","og_site_name":"Edilfibro S.p.a.","article_publisher":"https:\/\/www.facebook.com\/edilfibro","article_published_time":"2019-12-10T11:54:11+00:00","article_modified_time":"2024-10-04T08:11:01+00:00","og_image":[{"width":600,"height":396,"url":"https:\/\/www.edilfibro.it\/wp-content\/uploads\/2024\/03\/FIERAGRICOLA.webp","type":"image\/webp"}],"author":"Noon","twitter_card":"summary_large_image","twitter_misc":{"Escrito por":"Noon"},"schema":{"@context":"https:\/\/schema.org","@graph":[{"@type":"Article","@id":"https:\/\/www.edilfibro.it\/es\/fieragricola-2020-verona\/#article","isPartOf":{"@id":"https:\/\/www.edilfibro.it\/es\/fieragricola-2020-verona\/"},"author":{"name":"Noon","@id":"https:\/\/www.edilfibro.it\/es\/#\/schema\/person\/c492c81e62913d239752913f289be141"},"headline":"FIERAGRICOLA 2020 \u2013 Verona","datePublished":"2019-12-10T11:54:11+00:00","dateModified":"2024-10-04T08:11:01+00:00","mainEntityOfPage":{"@id":"https:\/\/www.edilfibro.it\/es\/fieragricola-2020-verona\/"},"wordCount":33,"publisher":{"@id":"https:\/\/www.edilfibro.it\/es\/#organization"},"image":{"@id":"https:\/\/www.edilfibro.it\/es\/fieragricola-2020-verona\/#primaryimage"},"thumbnailUrl":"https:\/\/www.edilfibro.it\/wp-content\/uploads\/2024\/03\/FIERAGRICOLA.webp","articleSection":["Eventos"],"inLanguage":"es"},{"@type":"WebPage","@id":"https:\/\/www.edilfibro.it\/es\/fieragricola-2020-verona\/","url":"https:\/\/www.edilfibro.it\/es\/fieragricola-2020-verona\/","name":"FIERAGRICOLA 2020 \u2013 Verona - Edilfibro S.p.a.","isPartOf":{"@id":"https:\/\/www.edilfibro.it\/es\/#website"},"primaryImageOfPage":{"@id":"https:\/\/www.edilfibro.it\/es\/fieragricola-2020-verona\/#primaryimage"},"image":{"@id":"https:\/\/www.edilfibro.it\/es\/fieragricola-2020-verona\/#primaryimage"},"thumbnailUrl":"https:\/\/www.edilfibro.it\/wp-content\/uploads\/2024\/03\/FIERAGRICOLA.webp","datePublished":"2019-12-10T11:54:11+00:00","dateModified":"2024-10-04T08:11:01+00:00","breadcrumb":{"@id":"https:\/\/www.edilfibro.it\/es\/fieragricola-2020-verona\/#breadcrumb"},"inLanguage":"es","potentialAction":[{"@type":"ReadAction","target":["https:\/\/www.edilfibro.it\/es\/fieragricola-2020-verona\/"]}]},{"@type":"ImageObject","inLanguage":"es","@id":"https:\/\/www.edilfibro.it\/es\/fieragricola-2020-verona\/#primaryimage","url":"https:\/\/www.edilfibro.it\/wp-content\/uploads\/2024\/03\/FIERAGRICOLA.webp","contentUrl":"https:\/\/www.edilfibro.it\/wp-content\/uploads\/2024\/03\/FIERAGRICOLA.webp","width":600,"height":396},{"@type":"BreadcrumbList","@id":"https:\/\/www.edilfibro.it\/es\/fieragricola-2020-verona\/#breadcrumb","itemListElement":[{"@type":"ListItem","position":1,"name":"Home","item":"https:\/\/www.edilfibro.it\/es\/"},{"@type":"ListItem","position":2,"name":"FIERAGRICOLA 2020 \u2013 Verona"}]},{"@type":"WebSite","@id":"https:\/\/www.edilfibro.it\/es\/#website","url":"https:\/\/www.edilfibro.it\/es\/","name":"Edilfibro S.p.a.","description":"Coperture per tetti, lastre fibrocemento e metallo","publisher":{"@id":"https:\/\/www.edilfibro.it\/es\/#organization"},"potentialAction":[{"@type":"SearchAction","target":{"@type":"EntryPoint","urlTemplate":"https:\/\/www.edilfibro.it\/es\/?s={search_term_string}"},"query-input":{"@type":"PropertyValueSpecification","valueRequired":true,"valueName":"search_term_string"}}],"inLanguage":"es"},{"@type":"Organization","@id":"https:\/\/www.edilfibro.it\/es\/#organization","name":"Edilfibro S.p.a.","url":"https:\/\/www.edilfibro.it\/es\/","logo":{"@type":"ImageObject","inLanguage":"es","@id":"https:\/\/www.edilfibro.it\/es\/#\/schema\/logo\/image\/","url":"https:\/\/www.edilfibro.it\/wp-content\/uploads\/2024\/09\/Logo-Edilfibro-2024-verde.webp","contentUrl":"https:\/\/www.edilfibro.it\/wp-content\/uploads\/2024\/09\/Logo-Edilfibro-2024-verde.webp","width":270,"height":105,"caption":"Edilfibro S.p.a."},"image":{"@id":"https:\/\/www.edilfibro.it\/es\/#\/schema\/logo\/image\/"},"sameAs":["https:\/\/www.facebook.com\/edilfibro","https:\/\/www.linkedin.com\/company\/edilfibrospa\/","https:\/\/www.youtube.com\/channel\/UCfz1PuhFpXa0MFkRDzC_Cgw"]},{"@type":"Person","@id":"https:\/\/www.edilfibro.it\/es\/#\/schema\/person\/c492c81e62913d239752913f289be141","name":"Noon","image":{"@type":"ImageObject","inLanguage":"es","@id":"https:\/\/www.edilfibro.it\/es\/#\/schema\/person\/image\/","url":"https:\/\/secure.gravatar.com\/avatar\/5c91a09f140b0d404cb9d4501a9b4d38925246938e867db84b2c05302a2efd9e?s=96&d=mm&r=g","contentUrl":"https:\/\/secure.gravatar.com\/avatar\/5c91a09f140b0d404cb9d4501a9b4d38925246938e867db84b2c05302a2efd9e?s=96&d=mm&r=g","caption":"Noon"}}]}},"_links":{"self":[{"href":"https:\/\/www.edilfibro.it\/es\/wp-json\/wp\/v2\/posts\/4483","targetHints":{"allow":["GET"]}}],"collection":[{"href":"https:\/\/www.edilfibro.it\/es\/wp-json\/wp\/v2\/posts"}],"about":[{"href":"https:\/\/www.edilfibro.it\/es\/wp-json\/wp\/v2\/types\/post"}],"author":[{"embeddable":true,"href":"https:\/\/www.edilfibro.it\/es\/wp-json\/wp\/v2\/users\/1"}],"replies":[{"embeddable":true,"href":"https:\/\/www.edilfibro.it\/es\/wp-json\/wp\/v2\/comments?post=4483"}],"version-history":[{"count":1,"href":"https:\/\/www.edilfibro.it\/es\/wp-json\/wp\/v2\/posts\/4483\/revisions"}],"predecessor-version":[{"id":4484,"href":"https:\/\/www.edilfibro.it\/es\/wp-json\/wp\/v2\/posts\/4483\/revisions\/4484"}],"wp:featuredmedia":[{"embeddable":true,"href":"https:\/\/www.edilfibro.it\/es\/wp-json\/wp\/v2\/media\/2132"}],"wp:attachment":[{"href":"https:\/\/www.edilfibro.it\/es\/wp-json\/wp\/v2\/media?parent=4483"}],"wp:term":[{"taxonomy":"category","embeddable":true,"href":"https:\/\/www.edilfibro.it\/es\/wp-json\/wp\/v2\/categories?post=4483"},{"taxonomy":"post_tag","embeddable":true,"href":"https:\/\/www.edilfibro.it\/es\/wp-json\/wp\/v2\/tags?post=4483"}],"curies":[{"name":"wp","href":"https:\/\/api.w.org\/{rel}","templated":true}]}}